{"id":40524,"date":"2023-05-11T17:12:39","date_gmt":"2023-05-11T23:12:39","guid":{"rendered":"https:\/\/encuentroinformativo.com.mx\/?p=40524"},"modified":"2023-05-11T17:12:42","modified_gmt":"2023-05-11T23:12:42","slug":"llaman-diputados-del-pri-y-pan-a-respetar-determinacion-de-la-scjn","status":"publish","type":"post","link":"https:\/\/encuentroinformativo.com.mx\/?p=40524","title":{"rendered":"Llaman diputados del PRI y PAN a respetar determinaci\u00f3n de la SCJN"},"content":{"rendered":"\n<p><strong>Dar\u00edo Pale <\/strong><\/p>\n\n\n\n<p>Xalapa, Ver.- Lanzan un exhorto a respetar la decisi\u00f3n de la Suprema Corte de Justicia de la Naci\u00f3n (SCJN), al invalidar la primera parte del Plan B de la reforma electoral, as\u00ed lo se\u00f1alaron los diputados locales del PAN y del PRI.<\/p>\n\n\n\n<p>En conferencia de prensa, el diputado y presidente del PRI, Marlon Ram\u00edrez Mar\u00edn, llam\u00f3 a respetar la autonom\u00eda del Poder Judicial, porque el m\u00e1ximo tribunal del pa\u00eds actu\u00f3 con plenas facultades legales y en apego a la Constituci\u00f3n.<\/p>\n\n\n\n<p>&#8220;Expresamos tajantemente que estamos a favor del respeto irrestricto a la ley, por lo que no coincidimos con la postura de los diputados integrantes de la LXVI Legislatura del Congreso del Estado, de la que somos tambi\u00e9n parte, en acusar a las ministras y ministros de parcialidad, porque nos apegamos al respeto al Estado de derecho y a la divisi\u00f3n de poderes&#8221;, se\u00f1al\u00f3.<\/p>\n\n\n\n<p>En ese sentido, exhort\u00f3 a los actores pol\u00edticos y a la sociedad en general a respetar la decisi\u00f3n de la Corte sobre la declaratoria de invalidez del citado decreto.<\/p>\n\n\n\n<p>Defini\u00f3 que las decisiones de la Corte no sustituyen la voluntad popular, porque son mecanismos para que las modificaciones legales sean acordes a la Constituci\u00f3n, m\u00e1xima expresi\u00f3n de la voluntad popular.<\/p>\n\n\n\n<p>Por ello, asever\u00f3, no existe una decisi\u00f3n arbitraria, al contrario, constituye el ejercicio de un contrapeso creado por los mexicanos en la Constituci\u00f3n.<\/p>\n\n\n\n<p>Refiri\u00f3 que de acuerdo con lo expresado por los ministros, se detectaron varias fallas, inconsistencias e irregularidades procedimentales que impactaron en la norma establecida para cumplir el ciclo legislativo de: iniciativa, discusi\u00f3n, aprobaci\u00f3n, promulgaci\u00f3n y publicaci\u00f3n del \u201cPlan B\u201d.<\/p>\n\n\n\n<p>Asimismo, dicho proyecto de sentencia expuso con claridad, la argumentaci\u00f3n y la interpretaci\u00f3n de cada falla del procedimiento legislativo, as\u00ed como la normatividad y jurisprudencia relevante que se omiti\u00f3.<\/p>\n\n\n\n<p>&#8220;No pasamos por alto hacer menci\u00f3n que en el Congreso del Estado, cuya mayor\u00eda est\u00e1 integrada por legisladores de partidos de las mismas fracciones parlamentarias que promovieron el Plan B, ha sido recurrente esta pr\u00e1ctica que hoy la SCJN ha puesto en evidencia&#8221;, coment\u00f3.<\/p>\n\n\n\n<p>Incluso se cuenta con una sobrerrepresentaci\u00f3n a todas luces injusta, que al ser utilizada de manera dolosa, ha tambi\u00e9n sido en varias ocasiones, merecedora de correcciones \u00a0por parte del Poder Judicial, y en otras, en las que argucias legales aplicadas por sus asesores jur\u00eddicos, les han permitido cumplir con los encargos del Ejecutivo&#8221;, se\u00f1al\u00f3.<\/p>\n\n\n\n<p>Ram\u00edrez Mar\u00edn dijo que ambas bancadas, en plena civilidad pol\u00edtica y respeto a los poderes de la Uni\u00f3n, han acatado lo anterior sin montar un &#8220;penoso&#8221; espect\u00e1culo como el que se pretende llevar a cabo el pr\u00f3ximo 20 de mayo en la Ciudad de M\u00e9xico.<\/p>\n\n\n\n<p>Opin\u00f3 que con dicha medida buscan presionar a los ministros en el ejercicio de sus facultades ante la inminente discusi\u00f3n de la segunda parte del \u201cPlan B\u201d.<\/p>\n\n\n\n<p>Por \u00faltimo en este sentido, reiter\u00f3 que el acatamiento del fallo de la Corte es la garant\u00eda de respeto y funcionamiento del Estado de Derecho, asimismo, de respeto a la divisi\u00f3n de poderes, a la protecci\u00f3n de los derechos fundamentales de las personas, as\u00ed como a la preservaci\u00f3n de la justicia.<\/p>\n","protected":false},"excerpt":{"rendered":"<p>Dar\u00edo Pale Xalapa, Ver.- Lanzan un exhorto a respetar la decisi\u00f3n de la Suprema Corte de Justicia de la Naci\u00f3n (SCJN), al invalidar la primera parte del Plan B de la reforma electoral, as\u00ed lo se\u00f1alaron los diputados locales del PAN y del PRI. En conferencia de prensa, el diputado y presidente del PRI, Marlon [&hellip;]<\/p>\n","protected":false},"author":2476,"featured_media":40525,"comment_status":"open","ping_status":"open","sticky":false,"template":"","format":"standard","meta":{"_jetpack_memberships_contains_paid_content":false,"footnotes":""},"categories":[2],"tags":[],"class_list":["post-40524","post","type-post","status-publish","format-standard","has-post-thumbnail","hentry","category-estado"],"jetpack_featured_media_url":"https:\/\/encuentroinformativo.com.mx\/wp-content\/uploads\/2023\/05\/Photo_1683846594818.jpg","jetpack_sharing_enabled":true,"jetpack_likes_enabled":true,"amp_enabled":true,"_links":{"self":[{"href":"https:\/\/encuentroinformativo.com.mx\/index.php?rest_route=\/wp\/v2\/posts\/40524","targetHints":{"allow":["GET"]}}],"collection":[{"href":"https:\/\/encuentroinformativo.com.mx\/index.php?rest_route=\/wp\/v2\/posts"}],"about":[{"href":"https:\/\/encuentroinformativo.com.mx\/index.php?rest_route=\/wp\/v2\/types\/post"}],"author":[{"embeddable":true,"href":"https:\/\/encuentroinformativo.com.mx\/index.php?rest_route=\/wp\/v2\/users\/2476"}],"replies":[{"embeddable":true,"href":"https:\/\/encuentroinformativo.com.mx\/index.php?rest_route=%2Fwp%2Fv2%2Fcomments&post=40524"}],"version-history":[{"count":1,"href":"https:\/\/encuentroinformativo.com.mx\/index.php?rest_route=\/wp\/v2\/posts\/40524\/revisions"}],"predecessor-version":[{"id":40526,"href":"https:\/\/encuentroinformativo.com.mx\/index.php?rest_route=\/wp\/v2\/posts\/40524\/revisions\/40526"}],"wp:featuredmedia":[{"embeddable":true,"href":"https:\/\/encuentroinformativo.com.mx\/index.php?rest_route=\/wp\/v2\/media\/40525"}],"wp:attachment":[{"href":"https:\/\/encuentroinformativo.com.mx\/index.php?rest_route=%2Fwp%2Fv2%2Fmedia&parent=40524"}],"wp:term":[{"taxonomy":"category","embeddable":true,"href":"https:\/\/encuentroinformativo.com.mx\/index.php?rest_route=%2Fwp%2Fv2%2Fcategories&post=40524"},{"taxonomy":"post_tag","embeddable":true,"href":"https:\/\/encuentroinformativo.com.mx\/index.php?rest_route=%2Fwp%2Fv2%2Ftags&post=40524"}],"curies":[{"name":"wp","href":"https:\/\/api.w.org\/{rel}","templated":true}]}}