{"id":4053,"date":"2020-07-13T13:12:27","date_gmt":"2020-07-13T18:12:27","guid":{"rendered":"https:\/\/encuentroinformativo.com\/?p=4053"},"modified":"2020-07-13T13:12:29","modified_gmt":"2020-07-13T18:12:29","slug":"reclama-pan-recorte-de-recursos-para-alerta-de-genero","status":"publish","type":"post","link":"https:\/\/encuentroinformativo.com.mx\/?p=4053","title":{"rendered":"Reclama PAN recorte de recursos para Alerta de G\u00e9nero"},"content":{"rendered":"\n<p><strong>Dar\u00edo Pale <\/strong><\/p>\n\n\n\n<p>Xalapa, Ver.- El dirigente del Partido Acci\u00f3n Nacional (PAN), Joaqu\u00edn Guzm\u00e1n Avil\u00e9s, solicit\u00f3 una explicaci\u00f3n a los gobiernos federal y estatal de cu\u00e1les fueron las razones por las que se recortaron m\u00e1s de \u00a07 millones 400 mil pesos destinados al \u00a0cumplimiento a la Alerta de Violencia de G\u00e9nero, esto cuando Veracruz ocupa el segundo lugar en feminicidios.<\/p>\n\n\n\n<p>Durante la videoconferencia de prensa realizada en las instalaciones de su partido, lanz\u00f3 un llamado para que se \u00a0emita cuanto antes la convocatoria para nombrar a la titular del Instituto Veracruzano de las Mujeres, ante la falta de titular desde hace \u00a014 meses.<\/p>\n\n\n\n<p>&#8220;Basta de ineptitud e indiferencia hacia la vida de ni\u00f1as, j\u00f3venes y mujeres en Veracruz\u201d, se\u00f1al\u00f3.<\/p>\n\n\n\n<p>Acus\u00f3 que la administraci\u00f3n estatal est\u00e1 empe\u00f1ada en negar la violencia contra las mujeres en Veracruz, &#8220;prefieren ver hacia otro lado y recalc\u00f3 que el a\u00f1o pasado cada dos d\u00edas una mujer fue v\u00edctima de feminicidio, mientras que este 2020, ocupamos el segundo lugar nacional por este tipo de delito&#8221;.<\/p>\n\n\n\n<p>Reproch\u00f3 que los asesinatos de mujeres y ni\u00f1as de las \u00faltimas semanas ni siquiera valieron una menci\u00f3n del Gobernador en su pasado \u201cinforme de mentiras\u201d.<\/p>\n\n\n\n<p>Por \u00faltimo lament\u00f3 que a pesar de que contin\u00faan las agresiones contra las mujeres, el gobierno contin\u00faa disminuyendo los recursos para atender la Alerta, mismos que, presumi\u00f3, fueron muy importantes para la pasada administraci\u00f3n panista, toda vez que ellos destinaron m\u00e1s de 14 millones de pesos mientras que Morena destin\u00f3 poco m\u00e1s de 11 millones de pesos.<\/p>\n\n\n\n<p><\/p>\n","protected":false},"excerpt":{"rendered":"<p>Dar\u00edo Pale Xalapa, Ver.- El dirigente del Partido Acci\u00f3n Nacional (PAN), Joaqu\u00edn Guzm\u00e1n Avil\u00e9s, solicit\u00f3 una explicaci\u00f3n a los gobiernos federal y estatal de cu\u00e1les fueron las razones por las que se recortaron m\u00e1s de \u00a07 millones 400 mil pesos destinados al \u00a0cumplimiento a la Alerta de Violencia de G\u00e9nero, esto cuando Veracruz ocupa el [&hellip;]<\/p>\n","protected":false},"author":1,"featured_media":4054,"comment_status":"open","ping_status":"open","sticky":false,"template":"","format":"standard","meta":{"_jetpack_memberships_contains_paid_content":false,"footnotes":""},"categories":[2],"tags":[],"class_list":["post-4053","post","type-post","status-publish","format-standard","has-post-thumbnail","hentry","category-estado"],"jetpack_featured_media_url":"https:\/\/encuentroinformativo.com.mx\/wp-content\/uploads\/2020\/07\/D8C8E7D4-0A48-48B4-B0CC-225DFE9B2FFC.jpeg","jetpack_sharing_enabled":true,"jetpack_likes_enabled":true,"amp_enabled":true,"_links":{"self":[{"href":"https:\/\/encuentroinformativo.com.mx\/index.php?rest_route=\/wp\/v2\/posts\/4053","targetHints":{"allow":["GET"]}}],"collection":[{"href":"https:\/\/encuentroinformativo.com.mx\/index.php?rest_route=\/wp\/v2\/posts"}],"about":[{"href":"https:\/\/encuentroinformativo.com.mx\/index.php?rest_route=\/wp\/v2\/types\/post"}],"author":[{"embeddable":true,"href":"https:\/\/encuentroinformativo.com.mx\/index.php?rest_route=\/wp\/v2\/users\/1"}],"replies":[{"embeddable":true,"href":"https:\/\/encuentroinformativo.com.mx\/index.php?rest_route=%2Fwp%2Fv2%2Fcomments&post=4053"}],"version-history":[{"count":1,"href":"https:\/\/encuentroinformativo.com.mx\/index.php?rest_route=\/wp\/v2\/posts\/4053\/revisions"}],"predecessor-version":[{"id":4055,"href":"https:\/\/encuentroinformativo.com.mx\/index.php?rest_route=\/wp\/v2\/posts\/4053\/revisions\/4055"}],"wp:featuredmedia":[{"embeddable":true,"href":"https:\/\/encuentroinformativo.com.mx\/index.php?rest_route=\/wp\/v2\/media\/4054"}],"wp:attachment":[{"href":"https:\/\/encuentroinformativo.com.mx\/index.php?rest_route=%2Fwp%2Fv2%2Fmedia&parent=4053"}],"wp:term":[{"taxonomy":"category","embeddable":true,"href":"https:\/\/encuentroinformativo.com.mx\/index.php?rest_route=%2Fwp%2Fv2%2Fcategories&post=4053"},{"taxonomy":"post_tag","embeddable":true,"href":"https:\/\/encuentroinformativo.com.mx\/index.php?rest_route=%2Fwp%2Fv2%2Ftags&post=4053"}],"curies":[{"name":"wp","href":"https:\/\/api.w.org\/{rel}","templated":true}]}}