{"id":40540,"date":"2023-05-11T17:57:22","date_gmt":"2023-05-11T23:57:22","guid":{"rendered":"https:\/\/encuentroinformativo.com.mx\/?p=40540"},"modified":"2023-05-11T17:57:26","modified_gmt":"2023-05-11T23:57:26","slug":"reconoce-gobierno-responsabilidad-por-desaparicion-forzada-en-2015-ofrece-disculpa-a-familiares-de-victimas","status":"publish","type":"post","link":"https:\/\/encuentroinformativo.com.mx\/?p=40540","title":{"rendered":"Reconoce Gobierno responsabilidad por desaparici\u00f3n forzada en 2015; ofrece disculpa a familiares de v\u00edctimas"},"content":{"rendered":"\n<p><strong>*<em>Dignifica la memoria de 4 personas privadas de la libertad y refrenda acompa\u00f1amiento a colectivo de b\u00fasqueda en Coatzacoalcos.<\/em><\/strong><\/p>\n\n\n\n<p><strong><em>*Hay culpables de estos hechos y est\u00e1 pendiente su sentencia: Cuitl\u00e1huac Garc\u00eda<\/em>.<\/strong><\/p>\n\n\n\n<p>Coatzacoalcos, Ver.- El Gobierno de Veracruz reconoci\u00f3 su responsabilidad en la privaci\u00f3n ilegal de la libertad y posterior desaparici\u00f3n de Jhonit Enr\u00edquez Orozco, Eliaquim Alvarado Villafuerte, Jos\u00e9 Manuel Cruz P\u00e9rez y H\u00e9ctor Manuel Facundo Ramos a manos de elementos de la Secretar\u00eda de Seguridad P\u00fablica (SSP) los d\u00edas 11 y 12 de mayo de 2015.<\/p>\n\n\n\n<p>Al tiempo de dignificar la memoria de las v\u00edctimas por instrucci\u00f3n del gobernador Cuitl\u00e1huac Garc\u00eda Jim\u00e9nez, el titular de la dependencia, Cuauht\u00e9moc Z\u00fa\u00f1iga Bonilla, ofreci\u00f3 una disculpa p\u00fablica a familiares, amigos y sociedad que desde aquel entonces conform\u00f3 el colectivo Madres en B\u00fasqueda Coatzacoalcos en demanda de justicia y reparaci\u00f3n integral del da\u00f1o.<\/p>\n\n\n\n<p>Dijo que en el empe\u00f1o de evitar que hechos similares se repitan, la SSP trabaja en la reeducaci\u00f3n del personal operativo permanente y la debida formaci\u00f3n inicial de los reci\u00e9n ingresados mediante capacitaci\u00f3n en principios y valores fundamentales, en atenci\u00f3n a la recomendaci\u00f3n 05\/2021 de la Comisi\u00f3n Estatal de Derechos Humanos (CEDH).<\/p>\n\n\n\n<p>\u201cNinguna palabra podr\u00e1 mitigar el dolor que sienten por la ausencia de sus seres amados, pero tengan por seguro que la lucha incansable que iniciaron hace ocho a\u00f1os no ser\u00e1 en vano y, tras esta medida de satisfacci\u00f3n, vendr\u00e1n m\u00e1s logros que den consuelo, paz y tranquilidad a sus corazones\u201d.<\/p>\n\n\n\n<p>Record\u00f3 que funcionarios sin sentido humanista se\u00f1alaron a los desaparecidos como personas no gratas, cuando siempre fueron ciudadanos honorables que desempe\u00f1aban un importante rol de padres, hermanos, hijos y esposos. Por tanto, \u201creconocer la responsabilidad es una oportunidad para seguir construyendo un estado m\u00e1s justo, donde no se cometan m\u00e1s actos de esta naturaleza\u201d.<\/p>\n\n\n\n<p>A su vez, el Gobernador asever\u00f3 que en 2015 los delincuentes no eran los detenidos en el llamado Operativo Blindaje Coatzacoalcos, sino quienes lo ejecutaron desde el Poder Ejecutivo encabezado por Javier Duarte de Ochoa que durante toda una \u00e9poca actu\u00f3 contra inocentes. \u201cNo perdamos de vista que hay culpables de estos hechos y est\u00e1 pendiente su sentencia; vamos a seguir insistiendo en el camino de la justicia, hasta encontrarlos\u201d.<\/p>\n\n\n\n<p>En el evento de reconocimiento y disculpa p\u00fablica estuvieron el oficial del Alto Comisionado de las Naciones Unidas para los Derechos Humanos, Alan Garc\u00eda Campos; la presidenta de la CEDH, Namiko Matzumoto Ben\u00edtez; el comisionado ejecutivo estatal de Atenci\u00f3n Integral a V\u00edctimas, Christian Carrillo R\u00edos; la fiscal general del Estado, Ver\u00f3nica Hern\u00e1ndez Giad\u00e1ns; as\u00ed como Lenit Enr\u00edquez Orozco, hermana de Jhonit; Trinidad Villafuerte \u00c1lvarez, madre de Eliaquim; Raquel Hern\u00e1ndez May, esposa de Jos\u00e9 Manuel, e Ignacia Ramos Fern\u00e1ndez, madre de H\u00e9ctor Manuel.<\/p>\n\n\n\n<figure class=\"wp-block-image size-large\"><img loading=\"lazy\" decoding=\"async\" width=\"1024\" height=\"682\" src=\"https:\/\/encuentroinformativo.com.mx\/wp-content\/uploads\/2023\/05\/IMG-20230511-WA0075.jpg\" alt=\"\" class=\"wp-image-40542\" srcset=\"https:\/\/encuentroinformativo.com.mx\/wp-content\/uploads\/2023\/05\/IMG-20230511-WA0075.jpg 1024w, https:\/\/encuentroinformativo.com.mx\/wp-content\/uploads\/2023\/05\/IMG-20230511-WA0075-300x200.jpg 300w, https:\/\/encuentroinformativo.com.mx\/wp-content\/uploads\/2023\/05\/IMG-20230511-WA0075-768x512.jpg 768w\" sizes=\"auto, (max-width: 1024px) 100vw, 1024px\" \/><\/figure>\n","protected":false},"excerpt":{"rendered":"<p>*Dignifica la memoria de 4 personas privadas de la libertad y refrenda acompa\u00f1amiento a colectivo de b\u00fasqueda en Coatzacoalcos. *Hay culpables de estos hechos y est\u00e1 pendiente su sentencia: Cuitl\u00e1huac Garc\u00eda. Coatzacoalcos, Ver.- El Gobierno de Veracruz reconoci\u00f3 su responsabilidad en la privaci\u00f3n ilegal de la libertad y posterior desaparici\u00f3n de Jhonit Enr\u00edquez Orozco, Eliaquim [&hellip;]<\/p>\n","protected":false},"author":2476,"featured_media":40541,"comment_status":"open","ping_status":"open","sticky":false,"template":"","format":"standard","meta":{"_jetpack_memberships_contains_paid_content":false,"footnotes":""},"categories":[2],"tags":[],"class_list":["post-40540","post","type-post","status-publish","format-standard","has-post-thumbnail","hentry","category-estado"],"jetpack_featured_media_url":"https:\/\/encuentroinformativo.com.mx\/wp-content\/uploads\/2023\/05\/IMG-20230511-WA0063.jpg","jetpack_sharing_enabled":true,"jetpack_likes_enabled":true,"amp_enabled":true,"_links":{"self":[{"href":"https:\/\/encuentroinformativo.com.mx\/index.php?rest_route=\/wp\/v2\/posts\/40540","targetHints":{"allow":["GET"]}}],"collection":[{"href":"https:\/\/encuentroinformativo.com.mx\/index.php?rest_route=\/wp\/v2\/posts"}],"about":[{"href":"https:\/\/encuentroinformativo.com.mx\/index.php?rest_route=\/wp\/v2\/types\/post"}],"author":[{"embeddable":true,"href":"https:\/\/encuentroinformativo.com.mx\/index.php?rest_route=\/wp\/v2\/users\/2476"}],"replies":[{"embeddable":true,"href":"https:\/\/encuentroinformativo.com.mx\/index.php?rest_route=%2Fwp%2Fv2%2Fcomments&post=40540"}],"version-history":[{"count":1,"href":"https:\/\/encuentroinformativo.com.mx\/index.php?rest_route=\/wp\/v2\/posts\/40540\/revisions"}],"predecessor-version":[{"id":40543,"href":"https:\/\/encuentroinformativo.com.mx\/index.php?rest_route=\/wp\/v2\/posts\/40540\/revisions\/40543"}],"wp:featuredmedia":[{"embeddable":true,"href":"https:\/\/encuentroinformativo.com.mx\/index.php?rest_route=\/wp\/v2\/media\/40541"}],"wp:attachment":[{"href":"https:\/\/encuentroinformativo.com.mx\/index.php?rest_route=%2Fwp%2Fv2%2Fmedia&parent=40540"}],"wp:term":[{"taxonomy":"category","embeddable":true,"href":"https:\/\/encuentroinformativo.com.mx\/index.php?rest_route=%2Fwp%2Fv2%2Fcategories&post=40540"},{"taxonomy":"post_tag","embeddable":true,"href":"https:\/\/encuentroinformativo.com.mx\/index.php?rest_route=%2Fwp%2Fv2%2Ftags&post=40540"}],"curies":[{"name":"wp","href":"https:\/\/api.w.org\/{rel}","templated":true}]}}