{"id":40544,"date":"2023-05-11T18:18:03","date_gmt":"2023-05-12T00:18:03","guid":{"rendered":"https:\/\/encuentroinformativo.com.mx\/?p=40544"},"modified":"2023-05-11T18:18:07","modified_gmt":"2023-05-12T00:18:07","slug":"boca-del-rio-se-alista-para-recibir-a-miles-de-personas-en-el-salsa-fest-2023-alcalde-jm-unanue","status":"publish","type":"post","link":"https:\/\/encuentroinformativo.com.mx\/?p=40544","title":{"rendered":"Boca del R\u00edo se alista para recibir a miles de personas en el Salsa Fest 2023: Alcalde JM Un\u00e1nue"},"content":{"rendered":"\n<p><strong>*<em>Del 1 al 3 de junio el bulevar Vicente Fox recibir\u00e1 a los grandes exponentes del genero latino, quienes har\u00e1n vibrar y bailar a m\u00e1s de 400 mil personas durante los tres d\u00edas de fiesta<\/em>.<\/strong><\/p>\n\n\n\n<p>Boca del R\u00edo, Ver.- Como parte de los trabajos preventivos y de seguridad, el Ayuntamiento de Boca del R\u00edo trabaja coordinadamente con el Gobierno del Estado en lo que ser\u00e1 la log\u00edstica del Festival Internacional Salsa Fest 2023.<\/p>\n\n\n\n<p>Del 1 al 3 de junio el bulevar Vicente Fox recibir\u00e1 a los grandes exponentes del genero latino, quienes har\u00e1n vibrar y bailar a m\u00e1s de 400 mil personas durante los tres d\u00edas de fiesta.<\/p>\n\n\n\n<p>As\u00ed lo inform\u00f3 el Alcalde Juan Manuel Un\u00e1nue Abascal luego de la Segunda Reuni\u00f3n Operativa que se llev\u00f3 a cabo para esta festividad, donde reiter\u00f3 la disponibilidad de su gobierno para la realizaci\u00f3n de este evento de car\u00e1cter internacional.<\/p>\n\n\n\n<p>\u201cLa mayor\u00eda de las direcciones del Gobierno Municipal de Boca del R\u00edo participan de manera directa o indirecta, as\u00ed como el a\u00f1o pasado, de igual manera apoyaremos en coordinaci\u00f3n de la Polic\u00eda Municipal, Protecci\u00f3n Civil Municipal y Tr\u00e1nsito Municipal\u201d, explic\u00f3 el Alcalde.<\/p>\n\n\n\n<p>El edil comparti\u00f3 que como parte de las acciones previas se est\u00e1 realizando su respectivo mantenimiento al bulevar Vicente Fox, pint\u00e1ndose guarniciones y postes, cambiando luminarias y sem\u00e1foros para que esta parte de la ciudad se encuentre lista para recibir a los fan\u00e1ticos de la salsa.<\/p>\n\n\n\n<p>Asimismo, Un\u00e1nue Abascal dijo que la pr\u00f3xima semana junto con la Secretar\u00eda de Turismo de Veracruz, realizar\u00e1n un recorrido donde se atender\u00e1n m\u00e1s temas relacionados a la operatividad e instalaci\u00f3n de la estructura del escenario.<\/p>\n\n\n\n<p>Inform\u00f3 tambi\u00e9n que adem\u00e1s de las direcciones ya mencionadas, participar\u00e1n Comercio, Turismo, as\u00ed como Gobernaci\u00f3n y Limpia P\u00fablica, buscando tener siempre a la ciudad limpia y ordenada.<\/p>\n\n\n\n<p>Por \u00faltimo, Juan Manuel Un\u00e1nue Abascal resalt\u00f3 que al ser Boca del R\u00edo y la zona conurbada en s\u00ed, anfitriones de las festividades mas representativas del estado, se genera una importante actividad operativa del municipio, lo que a la par representa generaci\u00f3n y permanencia de empleos, as\u00ed como una derrama econ\u00f3mica importante de miles de visitantes.<\/p>\n\n\n\n<figure class=\"wp-block-image size-large\"><img loading=\"lazy\" decoding=\"async\" width=\"1024\" height=\"576\" src=\"https:\/\/encuentroinformativo.com.mx\/wp-content\/uploads\/2023\/05\/IMG-20230511-WA0176.jpg\" alt=\"\" class=\"wp-image-40546\" srcset=\"https:\/\/encuentroinformativo.com.mx\/wp-content\/uploads\/2023\/05\/IMG-20230511-WA0176.jpg 1024w, https:\/\/encuentroinformativo.com.mx\/wp-content\/uploads\/2023\/05\/IMG-20230511-WA0176-300x169.jpg 300w, https:\/\/encuentroinformativo.com.mx\/wp-content\/uploads\/2023\/05\/IMG-20230511-WA0176-768x432.jpg 768w\" sizes=\"auto, (max-width: 1024px) 100vw, 1024px\" \/><\/figure>\n","protected":false},"excerpt":{"rendered":"<p>*Del 1 al 3 de junio el bulevar Vicente Fox recibir\u00e1 a los grandes exponentes del genero latino, quienes har\u00e1n vibrar y bailar a m\u00e1s de 400 mil personas durante los tres d\u00edas de fiesta. Boca del R\u00edo, Ver.- Como parte de los trabajos preventivos y de seguridad, el Ayuntamiento de Boca del R\u00edo trabaja [&hellip;]<\/p>\n","protected":false},"author":2476,"featured_media":40545,"comment_status":"open","ping_status":"open","sticky":false,"template":"","format":"standard","meta":{"_jetpack_memberships_contains_paid_content":false,"footnotes":""},"categories":[2],"tags":[],"class_list":["post-40544","post","type-post","status-publish","format-standard","has-post-thumbnail","hentry","category-estado"],"jetpack_featured_media_url":"https:\/\/encuentroinformativo.com.mx\/wp-content\/uploads\/2023\/05\/IMG-20230511-WA0175.jpg","jetpack_sharing_enabled":true,"jetpack_likes_enabled":true,"amp_enabled":true,"_links":{"self":[{"href":"https:\/\/encuentroinformativo.com.mx\/index.php?rest_route=\/wp\/v2\/posts\/40544","targetHints":{"allow":["GET"]}}],"collection":[{"href":"https:\/\/encuentroinformativo.com.mx\/index.php?rest_route=\/wp\/v2\/posts"}],"about":[{"href":"https:\/\/encuentroinformativo.com.mx\/index.php?rest_route=\/wp\/v2\/types\/post"}],"author":[{"embeddable":true,"href":"https:\/\/encuentroinformativo.com.mx\/index.php?rest_route=\/wp\/v2\/users\/2476"}],"replies":[{"embeddable":true,"href":"https:\/\/encuentroinformativo.com.mx\/index.php?rest_route=%2Fwp%2Fv2%2Fcomments&post=40544"}],"version-history":[{"count":1,"href":"https:\/\/encuentroinformativo.com.mx\/index.php?rest_route=\/wp\/v2\/posts\/40544\/revisions"}],"predecessor-version":[{"id":40547,"href":"https:\/\/encuentroinformativo.com.mx\/index.php?rest_route=\/wp\/v2\/posts\/40544\/revisions\/40547"}],"wp:featuredmedia":[{"embeddable":true,"href":"https:\/\/encuentroinformativo.com.mx\/index.php?rest_route=\/wp\/v2\/media\/40545"}],"wp:attachment":[{"href":"https:\/\/encuentroinformativo.com.mx\/index.php?rest_route=%2Fwp%2Fv2%2Fmedia&parent=40544"}],"wp:term":[{"taxonomy":"category","embeddable":true,"href":"https:\/\/encuentroinformativo.com.mx\/index.php?rest_route=%2Fwp%2Fv2%2Fcategories&post=40544"},{"taxonomy":"post_tag","embeddable":true,"href":"https:\/\/encuentroinformativo.com.mx\/index.php?rest_route=%2Fwp%2Fv2%2Ftags&post=40544"}],"curies":[{"name":"wp","href":"https:\/\/api.w.org\/{rel}","templated":true}]}}