{"id":40559,"date":"2023-05-12T10:59:52","date_gmt":"2023-05-12T16:59:52","guid":{"rendered":"https:\/\/encuentroinformativo.com.mx\/?p=40559"},"modified":"2023-05-12T10:59:56","modified_gmt":"2023-05-12T16:59:56","slug":"instalaran-en-actopan-60-camaras-de-vigilancia-en-localidades-para-mejorar-seguridad","status":"publish","type":"post","link":"https:\/\/encuentroinformativo.com.mx\/?p=40559","title":{"rendered":"Instalar\u00e1n en Actopan 60 c\u00e1maras de vigilancia en localidades para mejorar seguridad"},"content":{"rendered":"\n<p><strong>Alejandro \u00c1vila<\/strong><\/p>\n\n\n\n<p>Actopan, Ver.- La alcaldesa de Actopan, Mar\u00eda Esther L\u00f3pez Callejas, mencion\u00f3 con el transcurso del 2023 se colocar\u00e1n 60 c\u00e1maras de vigilancia en las entradas y salidas de las localidades, para mejorar la seguridad en el municipio.<\/p>\n\n\n\n<p>La edil dijo que los recursos federales y estatales van llegando mes con mes, por lo que la instalaci\u00f3n de los circuitos de video vigilancia se har\u00e1 de forma gradual.<\/p>\n\n\n\n<p>&#8220;Nosotros en materia de seguridad vamos avanzando muy r\u00e1pido, vamos ahorita, este a\u00f1o, a instalar c\u00e1maras en los puntos de salida, entrada y salida de las comunidades. Nuestros oficiales van a tener c\u00e1mara en el casco, estamos adquiriendo dos nuevas patrullas, seis motocicletas, porque el parque vehicular que ten\u00edamos si ustedes lo ve\u00edan daba risa&#8221;, se\u00f1al\u00f3.<\/p>\n\n\n\n<p>La presidenta municipal asegur\u00f3 que el municipio de Actopan es tranquilo y no existen altos \u00edndices de inseguridad como en otros municipios; los problemas que com\u00fanmente han tenido durante su administraci\u00f3n, es por el nuevo dictamen que proh\u00edbe beber en v\u00eda p\u00fablica.<\/p>\n\n\n\n<p>En ese sentido, dijo que para la Feria del Mango que se llevar\u00e1 a cabo del 25 al 28 de mayo, se solicit\u00f3 nuevamente el apoyo para el refuerzo de seguridad a la Polic\u00eda Estatal y Fuerza Civil.<\/p>\n\n\n\n<p>&#8220;Realmente no tenemos quejas nosotros de los prestadores de servicios tur\u00edsticos en materia de inseguridad. En otros a\u00f1os en Actopan ha sucedido que aprovechan que la gente est\u00e1 en la Feria para asaltar las casas habitaci\u00f3n que tenemos, este a\u00f1o pasado pedimos refuerzos de Polic\u00eda Estatal y Fuerza Civil, entonces la verdad no se present\u00f3 ning\u00fan caso, ning\u00fan robo de auto, porque en a\u00f1os anteriores hab\u00eda sucedido, y nosotros prevenimos eso llevando 20 patrullas que aproximadamente estuvieron con nosotros, este a\u00f1o vamos a hacer lo mismo&#8221;, culmin\u00f3.<\/p>\n","protected":false},"excerpt":{"rendered":"<p>Alejandro \u00c1vila Actopan, Ver.- La alcaldesa de Actopan, Mar\u00eda Esther L\u00f3pez Callejas, mencion\u00f3 con el transcurso del 2023 se colocar\u00e1n 60 c\u00e1maras de vigilancia en las entradas y salidas de las localidades, para mejorar la seguridad en el municipio. La edil dijo que los recursos federales y estatales van llegando mes con mes, por lo [&hellip;]<\/p>\n","protected":false},"author":2476,"featured_media":40560,"comment_status":"open","ping_status":"open","sticky":false,"template":"","format":"standard","meta":{"_jetpack_memberships_contains_paid_content":false,"footnotes":""},"categories":[2],"tags":[],"class_list":["post-40559","post","type-post","status-publish","format-standard","has-post-thumbnail","hentry","category-estado"],"jetpack_featured_media_url":"https:\/\/encuentroinformativo.com.mx\/wp-content\/uploads\/2023\/05\/IMG-20230512-WA0006.jpg","jetpack_sharing_enabled":true,"jetpack_likes_enabled":true,"amp_enabled":true,"_links":{"self":[{"href":"https:\/\/encuentroinformativo.com.mx\/index.php?rest_route=\/wp\/v2\/posts\/40559","targetHints":{"allow":["GET"]}}],"collection":[{"href":"https:\/\/encuentroinformativo.com.mx\/index.php?rest_route=\/wp\/v2\/posts"}],"about":[{"href":"https:\/\/encuentroinformativo.com.mx\/index.php?rest_route=\/wp\/v2\/types\/post"}],"author":[{"embeddable":true,"href":"https:\/\/encuentroinformativo.com.mx\/index.php?rest_route=\/wp\/v2\/users\/2476"}],"replies":[{"embeddable":true,"href":"https:\/\/encuentroinformativo.com.mx\/index.php?rest_route=%2Fwp%2Fv2%2Fcomments&post=40559"}],"version-history":[{"count":1,"href":"https:\/\/encuentroinformativo.com.mx\/index.php?rest_route=\/wp\/v2\/posts\/40559\/revisions"}],"predecessor-version":[{"id":40561,"href":"https:\/\/encuentroinformativo.com.mx\/index.php?rest_route=\/wp\/v2\/posts\/40559\/revisions\/40561"}],"wp:featuredmedia":[{"embeddable":true,"href":"https:\/\/encuentroinformativo.com.mx\/index.php?rest_route=\/wp\/v2\/media\/40560"}],"wp:attachment":[{"href":"https:\/\/encuentroinformativo.com.mx\/index.php?rest_route=%2Fwp%2Fv2%2Fmedia&parent=40559"}],"wp:term":[{"taxonomy":"category","embeddable":true,"href":"https:\/\/encuentroinformativo.com.mx\/index.php?rest_route=%2Fwp%2Fv2%2Fcategories&post=40559"},{"taxonomy":"post_tag","embeddable":true,"href":"https:\/\/encuentroinformativo.com.mx\/index.php?rest_route=%2Fwp%2Fv2%2Ftags&post=40559"}],"curies":[{"name":"wp","href":"https:\/\/api.w.org\/{rel}","templated":true}]}}