{"id":40566,"date":"2023-05-12T11:47:15","date_gmt":"2023-05-12T17:47:15","guid":{"rendered":"https:\/\/encuentroinformativo.com.mx\/?p=40566"},"modified":"2023-05-12T11:47:19","modified_gmt":"2023-05-12T17:47:19","slug":"aduana-de-veracruz-sera-la-mas-moderna-de-mexico","status":"publish","type":"post","link":"https:\/\/encuentroinformativo.com.mx\/?p=40566","title":{"rendered":"Aduana de Veracruz ser\u00e1 la m\u00e1s moderna de M\u00e9xico"},"content":{"rendered":"\n<p><strong>Alejandro \u00c1vila<\/strong><\/p>\n\n\n\n<p>Veracruz, Ver.- El presidente de la Asociaci\u00f3n de Agentes Aduanales de Veracruz, Marcos Sansores Ram\u00edrez, dijo que con las pr\u00f3ximas adecuaciones que se har\u00e1n en la Aduana de Veracruz, esta se convertir\u00e1 en la m\u00e1s moderna de la Rep\u00fablica Mexicana.<\/p>\n\n\n\n<p>El empresario agreg\u00f3 que de esta manera tambi\u00e9n se agilizar\u00e1 el tr\u00e1nsito de mercanc\u00eda, se mejorar\u00e1n los temas de seguridad y aumentar\u00e1 la exportaci\u00f3n e importaci\u00f3n de productos; se estima que la inversi\u00f3n total sea de mil 650 millones de pesos.<\/p>\n\n\n\n<p>\u201cEl objetivo es que a final de a\u00f1o est\u00e9 la nueva Aduana ya funcionando en Bah\u00eda Norte y con eso mejorar la eficiencia del puerto. No podemos concebir una Aduana moderna sin la parte tecnol\u00f3gica y de seguridad. Es la parte que est\u00e1n llevando a cabo en este momento\u201d, subray\u00f3.<\/p>\n\n\n\n<p>Sansores Ram\u00edrez platic\u00f3 que, durante el primer trimestre del 2023, el Puerto de Veracruz movi\u00f3 8 millones 031 mil 519 toneladas de productos. Pero adem\u00e1s, durante el primer cuatrimestre se report\u00f3 incrementos en manejo de carga general, granel agr\u00edcola, hidrocarburos, veh\u00edculos, entre otros.<\/p>\n\n\n\n<p>\u201cLos hidrocarburos y graneles han incrementado, pero en general hemos tenido una buena actividad. Recuperamos el primer lugar, el a\u00f1o pasado nos quedamos cortos contra Manzanillo en tonelaje, pero este primer trimestre recuperamos y vamos a mantenernos\u201d, agreg\u00f3.<\/p>\n\n\n\n<p>Marco Sansores Ram\u00edrez confi\u00f3 en que la tendencia de crecimiento se mantenga en lo que resta del primer semestre del a\u00f1o y que haya aumentos considerables en la segunda mitad de 2023.<\/p>\n\n\n\n<p>\u201cLa actividad econ\u00f3mica repunt\u00f3 en el puerto, creemos que va a seguir en buena l\u00ednea. Seg\u00fan la estad\u00edstica de Asipona, en el primer trimestre se recuper\u00f3 el primer lugar nacional en tonelaje y eso es muy importante porque refleja los vol\u00famenes de carga. Esperamos que se mantenga este crecimiento, vamos bien y nos espera un buen a\u00f1o por delante\u201d.<\/p>\n","protected":false},"excerpt":{"rendered":"<p>Alejandro \u00c1vila Veracruz, Ver.- El presidente de la Asociaci\u00f3n de Agentes Aduanales de Veracruz, Marcos Sansores Ram\u00edrez, dijo que con las pr\u00f3ximas adecuaciones que se har\u00e1n en la Aduana de Veracruz, esta se convertir\u00e1 en la m\u00e1s moderna de la Rep\u00fablica Mexicana. El empresario agreg\u00f3 que de esta manera tambi\u00e9n se agilizar\u00e1 el tr\u00e1nsito de [&hellip;]<\/p>\n","protected":false},"author":2476,"featured_media":40567,"comment_status":"open","ping_status":"open","sticky":false,"template":"","format":"standard","meta":{"_jetpack_memberships_contains_paid_content":false,"footnotes":""},"categories":[2],"tags":[],"class_list":["post-40566","post","type-post","status-publish","format-standard","has-post-thumbnail","hentry","category-estado"],"jetpack_featured_media_url":"https:\/\/encuentroinformativo.com.mx\/wp-content\/uploads\/2023\/05\/IMG-20230512-WA0019.jpg","jetpack_sharing_enabled":true,"jetpack_likes_enabled":true,"amp_enabled":true,"_links":{"self":[{"href":"https:\/\/encuentroinformativo.com.mx\/index.php?rest_route=\/wp\/v2\/posts\/40566","targetHints":{"allow":["GET"]}}],"collection":[{"href":"https:\/\/encuentroinformativo.com.mx\/index.php?rest_route=\/wp\/v2\/posts"}],"about":[{"href":"https:\/\/encuentroinformativo.com.mx\/index.php?rest_route=\/wp\/v2\/types\/post"}],"author":[{"embeddable":true,"href":"https:\/\/encuentroinformativo.com.mx\/index.php?rest_route=\/wp\/v2\/users\/2476"}],"replies":[{"embeddable":true,"href":"https:\/\/encuentroinformativo.com.mx\/index.php?rest_route=%2Fwp%2Fv2%2Fcomments&post=40566"}],"version-history":[{"count":1,"href":"https:\/\/encuentroinformativo.com.mx\/index.php?rest_route=\/wp\/v2\/posts\/40566\/revisions"}],"predecessor-version":[{"id":40568,"href":"https:\/\/encuentroinformativo.com.mx\/index.php?rest_route=\/wp\/v2\/posts\/40566\/revisions\/40568"}],"wp:featuredmedia":[{"embeddable":true,"href":"https:\/\/encuentroinformativo.com.mx\/index.php?rest_route=\/wp\/v2\/media\/40567"}],"wp:attachment":[{"href":"https:\/\/encuentroinformativo.com.mx\/index.php?rest_route=%2Fwp%2Fv2%2Fmedia&parent=40566"}],"wp:term":[{"taxonomy":"category","embeddable":true,"href":"https:\/\/encuentroinformativo.com.mx\/index.php?rest_route=%2Fwp%2Fv2%2Fcategories&post=40566"},{"taxonomy":"post_tag","embeddable":true,"href":"https:\/\/encuentroinformativo.com.mx\/index.php?rest_route=%2Fwp%2Fv2%2Ftags&post=40566"}],"curies":[{"name":"wp","href":"https:\/\/api.w.org\/{rel}","templated":true}]}}