{"id":40569,"date":"2023-05-12T10:24:58","date_gmt":"2023-05-12T16:24:58","guid":{"rendered":"https:\/\/encuentroinformativo.com.mx\/?p=40569"},"modified":"2023-05-12T12:28:48","modified_gmt":"2023-05-12T18:28:48","slug":"acusan-en-redes-sociales-que-julen-ya-inicio-campana","status":"publish","type":"post","link":"https:\/\/encuentroinformativo.com.mx\/?p=40569","title":{"rendered":"Acusan en redes sociales que Julen ya inici\u00f3 campa\u00f1a"},"content":{"rendered":"\n<p><strong>Alejandro \u00c1vila<\/strong><\/p>\n\n\n\n<p>Veracruz, Ver.- Tras difundir un video en sus redes sociales, d\u00f3nde asegura que Veracruz ya merece seguridad, servicio de salud digno y suficientes ingresos para cubrir los aumentos de la canasta b\u00e1sica, internautas acusaron al Senador, Julen Rementer\u00eda del Puerto, de iniciar su campa\u00f1a rumbo a la gubernatura.<\/p>\n\n\n\n<p>En el video, Julen Rementer\u00eda hace una semblanza de lo que necesita Veracruz y por lo cual asegura ha luchado desde su trinchera en el Senado de la Rep\u00fablica; al tiempo que invita est\u00e9n pendientes de su pr\u00f3ximo Informe de Labores.<\/p>\n\n\n\n<p>Los usuarios de redes sociales expusieron im\u00e1genes de los diversos espectaculares que hay en municipios de la entidad veracruzana, donde lo se\u00f1alan de promocionar su imagen de cara a la pr\u00f3xima gubernatura de Veracruz.<\/p>\n\n\n\n<p>\u201cTienes derecho a las 3s: Seguridad, Salud y Suficientes ingresos. Esta es mi lucha desde el Senado de la Rep\u00fablica\u201d dice el legislador jarocho en el video.<\/p>\n\n\n\n<p>Cabe mencionar que, el ex coordinador de Carreteras y Puentes de todo el pa\u00eds, y Secretario de Comunicaciones, luchar\u00eda en caso de ser abanderado de la alianza opositora, contra Roc\u00edo Nahle Garc\u00eda, actual secretaria de Energ\u00eda.<\/p>\n","protected":false},"excerpt":{"rendered":"<p>Alejandro \u00c1vila Veracruz, Ver.- Tras difundir un video en sus redes sociales, d\u00f3nde asegura que Veracruz ya merece seguridad, servicio de salud digno y suficientes ingresos para cubrir los aumentos de la canasta b\u00e1sica, internautas acusaron al Senador, Julen Rementer\u00eda del Puerto, de iniciar su campa\u00f1a rumbo a la gubernatura. En el video, Julen Rementer\u00eda [&hellip;]<\/p>\n","protected":false},"author":2476,"featured_media":40570,"comment_status":"open","ping_status":"open","sticky":false,"template":"","format":"standard","meta":{"_jetpack_memberships_contains_paid_content":false,"footnotes":""},"categories":[2],"tags":[],"class_list":["post-40569","post","type-post","status-publish","format-standard","has-post-thumbnail","hentry","category-estado"],"jetpack_featured_media_url":"https:\/\/encuentroinformativo.com.mx\/wp-content\/uploads\/2023\/05\/IMG-20230512-WA0021.jpg","jetpack_sharing_enabled":true,"jetpack_likes_enabled":true,"amp_enabled":true,"_links":{"self":[{"href":"https:\/\/encuentroinformativo.com.mx\/index.php?rest_route=\/wp\/v2\/posts\/40569","targetHints":{"allow":["GET"]}}],"collection":[{"href":"https:\/\/encuentroinformativo.com.mx\/index.php?rest_route=\/wp\/v2\/posts"}],"about":[{"href":"https:\/\/encuentroinformativo.com.mx\/index.php?rest_route=\/wp\/v2\/types\/post"}],"author":[{"embeddable":true,"href":"https:\/\/encuentroinformativo.com.mx\/index.php?rest_route=\/wp\/v2\/users\/2476"}],"replies":[{"embeddable":true,"href":"https:\/\/encuentroinformativo.com.mx\/index.php?rest_route=%2Fwp%2Fv2%2Fcomments&post=40569"}],"version-history":[{"count":1,"href":"https:\/\/encuentroinformativo.com.mx\/index.php?rest_route=\/wp\/v2\/posts\/40569\/revisions"}],"predecessor-version":[{"id":40571,"href":"https:\/\/encuentroinformativo.com.mx\/index.php?rest_route=\/wp\/v2\/posts\/40569\/revisions\/40571"}],"wp:featuredmedia":[{"embeddable":true,"href":"https:\/\/encuentroinformativo.com.mx\/index.php?rest_route=\/wp\/v2\/media\/40570"}],"wp:attachment":[{"href":"https:\/\/encuentroinformativo.com.mx\/index.php?rest_route=%2Fwp%2Fv2%2Fmedia&parent=40569"}],"wp:term":[{"taxonomy":"category","embeddable":true,"href":"https:\/\/encuentroinformativo.com.mx\/index.php?rest_route=%2Fwp%2Fv2%2Fcategories&post=40569"},{"taxonomy":"post_tag","embeddable":true,"href":"https:\/\/encuentroinformativo.com.mx\/index.php?rest_route=%2Fwp%2Fv2%2Ftags&post=40569"}],"curies":[{"name":"wp","href":"https:\/\/api.w.org\/{rel}","templated":true}]}}