{"id":40572,"date":"2023-05-12T13:01:28","date_gmt":"2023-05-12T19:01:28","guid":{"rendered":"https:\/\/encuentroinformativo.com.mx\/?p=40572"},"modified":"2023-05-12T13:01:31","modified_gmt":"2023-05-12T19:01:31","slug":"reactivacion-de-proyecto-minero-afectaria-manantial-las-lajas","status":"publish","type":"post","link":"https:\/\/encuentroinformativo.com.mx\/?p=40572","title":{"rendered":"Reactivaci\u00f3n de proyecto minero afectar\u00eda manantial Las Lajas"},"content":{"rendered":"\n<p><strong>Juan Arcos <\/strong><\/p>\n\n\n\n<p>Coatepec, Ver.- M\u00e1s de 2 mil personas podr\u00edan verse afectadas por la falta de agua potable en sus comunidades debido a la reactivaci\u00f3n de un proyecto de miner\u00eda a cielo abierto situado en las inmediaciones del r\u00edo Suchiapa y del manantial Las Lajas, en la congregaci\u00f3n Chopantla, municipio de Coatepec.<\/p>\n\n\n\n<p>Se trata de un proyecto que data desde 1992 para la explotaci\u00f3n de una mina de piedra, con el uso de dinamita, lo que podr\u00eda alterar el cauce del agua de los manantiales de la zona.<\/p>\n\n\n\n<p>En 2002, intentaron nuevamente explotar la mina, pero no fue posible debido a que organizaciones civiles se sumaron para defender el entorno ecol\u00f3gico en la zona del bosque de niebla de la regi\u00f3n capital de Veracruz.<\/p>\n\n\n\n<p>\u201cY ahorita, tiene m\u00e1s o menos como dos meses que nos enteramos que hay otra vez el intento de explotar esa mina. El problema es que ese lugar surte a 12 o 13 manantiales, entre ellos est\u00e1 el de Las Lajas, que es donde tomamos el agua\u201d, comentaron.<\/p>\n\n\n\n<p>La gente est\u00e1 preocupada porque la mina se encuentra en una propiedad privada, donde el due\u00f1o tiene derecho de hacer lo que quiera en el predio, siempre y cuando, se respeten las normas ambientales y las leyes municipales, estatales y federales.<\/p>\n\n\n\n<p>\u201cEsos manantiales son la vida de la parte baja del municipio de Coatepec. Nosotros tenemos concesiones, tanto Consolapa como la calle Altamirano y Jacarandas, y estamos temerosos porque si ese manto de piedra lo explotan y llegan a desviar los manantiales en autom\u00e1tico nos quedamos sin servicio\u201d, enfatizaron los pobladores.<\/p>\n\n\n\n<p>Entre los a\u00f1os 2012 y 2013 se realizaron estudios que muestran que el material p\u00e9treo de la mina es fr\u00e1gil y los movimientos por explosivos podr\u00edan desviar el cauce del agua de los manantiales.<\/p>\n\n\n\n<p>\u201cLa mina est\u00e1 en la parte alta a un costado de la colonia Cuauht\u00e9moc, que ya corresponde a la congregaci\u00f3n de Chopantla. Se di\u00e1logo con el due\u00f1o hace muchos a\u00f1os, pero hay necedad, hay soberbia\u201d, indicaron.<\/p>\n\n\n\n<p>La gente est\u00e1 dispuesta a manifestarse durante el s\u00e1bado 13 de mayo al mediod\u00eda en la localidad Mariano Escobedo, cerrando la carretera antigua a Coatepec en la zona de Briones.<\/p>\n","protected":false},"excerpt":{"rendered":"<p>Juan Arcos Coatepec, Ver.- M\u00e1s de 2 mil personas podr\u00edan verse afectadas por la falta de agua potable en sus comunidades debido a la reactivaci\u00f3n de un proyecto de miner\u00eda a cielo abierto situado en las inmediaciones del r\u00edo Suchiapa y del manantial Las Lajas, en la congregaci\u00f3n Chopantla, municipio de Coatepec. Se trata de [&hellip;]<\/p>\n","protected":false},"author":2476,"featured_media":40573,"comment_status":"open","ping_status":"open","sticky":false,"template":"","format":"standard","meta":{"_jetpack_memberships_contains_paid_content":false,"footnotes":""},"categories":[8],"tags":[],"class_list":["post-40572","post","type-post","status-publish","format-standard","has-post-thumbnail","hentry","category-region"],"jetpack_featured_media_url":"https:\/\/encuentroinformativo.com.mx\/wp-content\/uploads\/2023\/05\/2af6ba3e-687b-44bb-bcca-ac31477141a0.jpg","jetpack_sharing_enabled":true,"jetpack_likes_enabled":true,"amp_enabled":true,"_links":{"self":[{"href":"https:\/\/encuentroinformativo.com.mx\/index.php?rest_route=\/wp\/v2\/posts\/40572","targetHints":{"allow":["GET"]}}],"collection":[{"href":"https:\/\/encuentroinformativo.com.mx\/index.php?rest_route=\/wp\/v2\/posts"}],"about":[{"href":"https:\/\/encuentroinformativo.com.mx\/index.php?rest_route=\/wp\/v2\/types\/post"}],"author":[{"embeddable":true,"href":"https:\/\/encuentroinformativo.com.mx\/index.php?rest_route=\/wp\/v2\/users\/2476"}],"replies":[{"embeddable":true,"href":"https:\/\/encuentroinformativo.com.mx\/index.php?rest_route=%2Fwp%2Fv2%2Fcomments&post=40572"}],"version-history":[{"count":1,"href":"https:\/\/encuentroinformativo.com.mx\/index.php?rest_route=\/wp\/v2\/posts\/40572\/revisions"}],"predecessor-version":[{"id":40574,"href":"https:\/\/encuentroinformativo.com.mx\/index.php?rest_route=\/wp\/v2\/posts\/40572\/revisions\/40574"}],"wp:featuredmedia":[{"embeddable":true,"href":"https:\/\/encuentroinformativo.com.mx\/index.php?rest_route=\/wp\/v2\/media\/40573"}],"wp:attachment":[{"href":"https:\/\/encuentroinformativo.com.mx\/index.php?rest_route=%2Fwp%2Fv2%2Fmedia&parent=40572"}],"wp:term":[{"taxonomy":"category","embeddable":true,"href":"https:\/\/encuentroinformativo.com.mx\/index.php?rest_route=%2Fwp%2Fv2%2Fcategories&post=40572"},{"taxonomy":"post_tag","embeddable":true,"href":"https:\/\/encuentroinformativo.com.mx\/index.php?rest_route=%2Fwp%2Fv2%2Ftags&post=40572"}],"curies":[{"name":"wp","href":"https:\/\/api.w.org\/{rel}","templated":true}]}}