{"id":40581,"date":"2023-05-12T13:18:31","date_gmt":"2023-05-12T19:18:31","guid":{"rendered":"https:\/\/encuentroinformativo.com.mx\/?p=40581"},"modified":"2023-05-12T13:18:35","modified_gmt":"2023-05-12T19:18:35","slug":"investigacion-contra-bermudez-no-ha-concluido-afirma-gobernador","status":"publish","type":"post","link":"https:\/\/encuentroinformativo.com.mx\/?p=40581","title":{"rendered":"Investigaci\u00f3n contra Berm\u00fadez no ha concluido, afirma Gobernador"},"content":{"rendered":"\n<p><strong>Dar\u00edo Pale <\/strong><\/p>\n\n\n\n<p>Xalapa, Ver.- El gobernador del estado Cuitl\u00e1huac Garc\u00eda Jim\u00e9nez dio a conocer que har\u00e1n un posicionamiento respaldando lo dicho hoy por el presidente de M\u00e9xico en la ma\u00f1anera en contra del senador Republicano John Kennedy.<\/p>\n\n\n\n<p>En entrevista se\u00f1al\u00f3 que, en lo que se refiere a la disculpa p\u00fablica y los se\u00f1alamientos que hacen al anterior secretario de seguridad p\u00fablica Arturo Berm\u00fadez, no ha concluido el juicio a\u00fan no se ha dictado alguna sentencia, por lo que el caso sigue abierto y sigue sujeto a investigaci\u00f3n por el delito de desaparici\u00f3n forzada.<\/p>\n\n\n\n<p>El comentario que realiz\u00f3 el d\u00eda de ayer sobre una persona con una orden de aprehensi\u00f3n por el delito de desaparici\u00f3n forzada, se refer\u00eda a Javier &#8220;N&#8221; una orden de aprehensi\u00f3n por ese delito.<\/p>\n\n\n\n<p>Insisti\u00f3 en el llamado a los jueces federales y a la Suprema Corte de Justicia de la Naci\u00f3n (SCJN), de que van a estar muy atentos y de que no se va a quedar callado y va a denunciar al juez, quien malversando las leyes y el derecho se atreva a emitir un amparo a Javier &#8220;N&#8221;.<\/p>\n\n\n\n<p>En cuanto al ingreso de los colectivos a la academia de polic\u00eda coment\u00f3 que se les permiti\u00f3 el acceso para que junto con la Fiscal\u00eda General del Estado hicieran una inspecci\u00f3n, de lo cual la fiscal\u00eda ser\u00e1 la encargada de dar alguna informaci\u00f3n.<\/p>\n\n\n\n<p>&#8220;Si claro ad\u00f3nde ellas consideren siempre y cuando sea acompa\u00f1ados por la Fiscal\u00eda y la Comisi\u00f3n Estatal de B\u00fasqueda, tal y como lo menciona el protocolo&#8221;, se\u00f1al\u00f3.<\/p>\n\n\n\n<p>Dio a conocer que Javier &#8220;N&#8221;, no saldr\u00e1 con la liberaci\u00f3n anticipada a la que apelaba por lo que tiene que cumplir con su sentencia completa, adem\u00e1s de que sigue el proceso por desaparici\u00f3n forzada el cual cumplir\u00e1 donde est\u00e1.<\/p>\n\n\n\n<p>En cuanto a los se\u00f1alamientos en contra de la Comisi\u00f3n Estatal de B\u00fasqueda de que no recibe a los colectivos, dio a conocer que est\u00e1n trabajando y no son tantos los reclamos sobre ese tema, reconoci\u00f3 que hay algunas quejas pero son atendidas.<\/p>\n\n\n\n<p>En otro orden de ideas coment\u00f3 que har\u00e1n un posicionamiento respaldando lo dicho hoy por el presidente de M\u00e9xico en la ma\u00f1anera en contra del senador Republicano John Kennedy ya que no le van a permitir que ofenda a las personas migrantes que llegan a Estados Unidos ya que ah\u00ed existen muchos veracruzanos.<\/p>\n\n\n\n<p>Dijo que sigue en pie la manifestaci\u00f3n para el pr\u00f3ximo s\u00e1bado en la Ciudad de M\u00e9xico frente a las instalaciones de la SCJN, es una manifestaci\u00f3n ciudadana y no tiene nada que ver con ning\u00fan partido pol\u00edtico ya que solo es una expresi\u00f3n de molestia y enojo.<\/p>\n\n\n\n<p>Dio a conocer que ya se ha sumado otros estados, hasta el momento se han sumado cinco congresos, Tamaulipas, diputados de Puebla, Campeche, Veracruz y diputados de Oaxaca.<\/p>\n\n\n\n<p>En cuanto a la atenci\u00f3n a los migrantes dio a conocer que estar\u00e1n a cargo del gobierno del estado 21 puntos de atenci\u00f3n para rescate humanitario y tambi\u00e9n habilitaron un albergue alterno donde cuidaran todos sus derechos a fin de que sean atendidos.<\/p>\n\n\n\n<p>Finalmente se\u00f1al\u00f3 que, &#8220;est\u00e1n muy habidos los polleros de extorsionar a estos migrantes y de poner en riesgo su vida, entonces nosotros vamos a estar muy atentos, vamos a hacer estos rescates y siempre acompa\u00f1ados por migraci\u00f3n hay m\u00e1s de 500 agentes del INM que fueron desplegados en toda la regi\u00f3n entre Tabasco, Chiapas y Veracruz.<\/p>\n","protected":false},"excerpt":{"rendered":"<p>Dar\u00edo Pale Xalapa, Ver.- El gobernador del estado Cuitl\u00e1huac Garc\u00eda Jim\u00e9nez dio a conocer que har\u00e1n un posicionamiento respaldando lo dicho hoy por el presidente de M\u00e9xico en la ma\u00f1anera en contra del senador Republicano John Kennedy. En entrevista se\u00f1al\u00f3 que, en lo que se refiere a la disculpa p\u00fablica y los se\u00f1alamientos que hacen [&hellip;]<\/p>\n","protected":false},"author":2476,"featured_media":40582,"comment_status":"open","ping_status":"open","sticky":false,"template":"","format":"standard","meta":{"_jetpack_memberships_contains_paid_content":false,"footnotes":""},"categories":[2],"tags":[],"class_list":["post-40581","post","type-post","status-publish","format-standard","has-post-thumbnail","hentry","category-estado"],"jetpack_featured_media_url":"https:\/\/encuentroinformativo.com.mx\/wp-content\/uploads\/2023\/05\/Photo_1683918785115.jpg","jetpack_sharing_enabled":true,"jetpack_likes_enabled":true,"amp_enabled":true,"_links":{"self":[{"href":"https:\/\/encuentroinformativo.com.mx\/index.php?rest_route=\/wp\/v2\/posts\/40581","targetHints":{"allow":["GET"]}}],"collection":[{"href":"https:\/\/encuentroinformativo.com.mx\/index.php?rest_route=\/wp\/v2\/posts"}],"about":[{"href":"https:\/\/encuentroinformativo.com.mx\/index.php?rest_route=\/wp\/v2\/types\/post"}],"author":[{"embeddable":true,"href":"https:\/\/encuentroinformativo.com.mx\/index.php?rest_route=\/wp\/v2\/users\/2476"}],"replies":[{"embeddable":true,"href":"https:\/\/encuentroinformativo.com.mx\/index.php?rest_route=%2Fwp%2Fv2%2Fcomments&post=40581"}],"version-history":[{"count":1,"href":"https:\/\/encuentroinformativo.com.mx\/index.php?rest_route=\/wp\/v2\/posts\/40581\/revisions"}],"predecessor-version":[{"id":40583,"href":"https:\/\/encuentroinformativo.com.mx\/index.php?rest_route=\/wp\/v2\/posts\/40581\/revisions\/40583"}],"wp:featuredmedia":[{"embeddable":true,"href":"https:\/\/encuentroinformativo.com.mx\/index.php?rest_route=\/wp\/v2\/media\/40582"}],"wp:attachment":[{"href":"https:\/\/encuentroinformativo.com.mx\/index.php?rest_route=%2Fwp%2Fv2%2Fmedia&parent=40581"}],"wp:term":[{"taxonomy":"category","embeddable":true,"href":"https:\/\/encuentroinformativo.com.mx\/index.php?rest_route=%2Fwp%2Fv2%2Fcategories&post=40581"},{"taxonomy":"post_tag","embeddable":true,"href":"https:\/\/encuentroinformativo.com.mx\/index.php?rest_route=%2Fwp%2Fv2%2Ftags&post=40581"}],"curies":[{"name":"wp","href":"https:\/\/api.w.org\/{rel}","templated":true}]}}