{"id":40590,"date":"2023-05-12T14:19:31","date_gmt":"2023-05-12T20:19:31","guid":{"rendered":"https:\/\/encuentroinformativo.com.mx\/?p=40590"},"modified":"2023-05-12T14:19:36","modified_gmt":"2023-05-12T20:19:36","slug":"tambien-en-veracruz-senador-john-kennedy-sera-considerado-non-grato","status":"publish","type":"post","link":"https:\/\/encuentroinformativo.com.mx\/?p=40590","title":{"rendered":"Tambi\u00e9n en Veracruz, Senador, John Kennedy ser\u00e1 considerado non grato"},"content":{"rendered":"\n<p><strong>Alejandro \u00c1vila<\/strong><\/p>\n\n\n\n<p>Veracruz, Ver.- Debido a que miles de veracruzanos laboran en los Estados Unidos, las declaraciones del Senador republicano, John Nelly Kennedy, no fueron tomadas a bien por el gobernador, Cuitl\u00e1huac Garc\u00eda Jim\u00e9nez, por lo que tambi\u00e9n ser\u00e1 declarado persona no grata en la entidad.<\/p>\n\n\n\n<p>Cabe mencionar que el propio presidente Andr\u00e9s Manuel L\u00f3pez Obrador, habl\u00f3 sobre las declaraciones del Senador de los Estados Unidos, y tras externar su molestia, lo enlist\u00f3 como persona non grata en M\u00e9xico.<\/p>\n\n\n\n<p>Hace unos d\u00edas, John Neely Kennedy asegur\u00f3 que M\u00e9xico, sin Estados Unidos, &#8220;estar\u00eda comiendo comida para gato de una lata&#8221; e incluso pidi\u00f3 que una unidad antidrogas de la DEA ingrese al pa\u00eds para evitar el tr\u00e1fico.<\/p>\n\n\n\n<p>&#8220;Nosotros vamos a hacer un posicionamiento respaldando lo dicho hoy en la ma\u00f1anera. No le vamos a permitir a John Kennedy que ofenda a las personas migrantes que llegan a Estado Unidos porque all\u00e1 tenemos muchos veracruzanos&#8221;, afirm\u00f3 el Gobernador de Veracruz.&nbsp;<\/p>\n\n\n\n<p>Dijo que los mexicanos, y espec\u00edficamente los veracruzanos, son sost\u00e9n en la econom\u00eda del vecino pa\u00eds por ello es inaceptable su xenofobia.&nbsp;<\/p>\n\n\n\n<p>Neg\u00f3 que en estos momentos se pretenda detener programas o visitas de los veracruzanos al pa\u00eds, sino que todo continuar\u00e1 fluyendo a trav\u00e9s de la Secretar\u00eda de Relaciones Exteriores.<\/p>\n","protected":false},"excerpt":{"rendered":"<p>Alejandro \u00c1vila Veracruz, Ver.- Debido a que miles de veracruzanos laboran en los Estados Unidos, las declaraciones del Senador republicano, John Nelly Kennedy, no fueron tomadas a bien por el gobernador, Cuitl\u00e1huac Garc\u00eda Jim\u00e9nez, por lo que tambi\u00e9n ser\u00e1 declarado persona no grata en la entidad. Cabe mencionar que el propio presidente Andr\u00e9s Manuel L\u00f3pez [&hellip;]<\/p>\n","protected":false},"author":2476,"featured_media":40591,"comment_status":"open","ping_status":"open","sticky":false,"template":"","format":"standard","meta":{"_jetpack_memberships_contains_paid_content":false,"footnotes":""},"categories":[2],"tags":[],"class_list":["post-40590","post","type-post","status-publish","format-standard","has-post-thumbnail","hentry","category-estado"],"jetpack_featured_media_url":"https:\/\/encuentroinformativo.com.mx\/wp-content\/uploads\/2023\/05\/Photo_1683922600519.jpg","jetpack_sharing_enabled":true,"jetpack_likes_enabled":true,"amp_enabled":true,"_links":{"self":[{"href":"https:\/\/encuentroinformativo.com.mx\/index.php?rest_route=\/wp\/v2\/posts\/40590","targetHints":{"allow":["GET"]}}],"collection":[{"href":"https:\/\/encuentroinformativo.com.mx\/index.php?rest_route=\/wp\/v2\/posts"}],"about":[{"href":"https:\/\/encuentroinformativo.com.mx\/index.php?rest_route=\/wp\/v2\/types\/post"}],"author":[{"embeddable":true,"href":"https:\/\/encuentroinformativo.com.mx\/index.php?rest_route=\/wp\/v2\/users\/2476"}],"replies":[{"embeddable":true,"href":"https:\/\/encuentroinformativo.com.mx\/index.php?rest_route=%2Fwp%2Fv2%2Fcomments&post=40590"}],"version-history":[{"count":1,"href":"https:\/\/encuentroinformativo.com.mx\/index.php?rest_route=\/wp\/v2\/posts\/40590\/revisions"}],"predecessor-version":[{"id":40592,"href":"https:\/\/encuentroinformativo.com.mx\/index.php?rest_route=\/wp\/v2\/posts\/40590\/revisions\/40592"}],"wp:featuredmedia":[{"embeddable":true,"href":"https:\/\/encuentroinformativo.com.mx\/index.php?rest_route=\/wp\/v2\/media\/40591"}],"wp:attachment":[{"href":"https:\/\/encuentroinformativo.com.mx\/index.php?rest_route=%2Fwp%2Fv2%2Fmedia&parent=40590"}],"wp:term":[{"taxonomy":"category","embeddable":true,"href":"https:\/\/encuentroinformativo.com.mx\/index.php?rest_route=%2Fwp%2Fv2%2Fcategories&post=40590"},{"taxonomy":"post_tag","embeddable":true,"href":"https:\/\/encuentroinformativo.com.mx\/index.php?rest_route=%2Fwp%2Fv2%2Ftags&post=40590"}],"curies":[{"name":"wp","href":"https:\/\/api.w.org\/{rel}","templated":true}]}}