{"id":40605,"date":"2023-05-13T14:16:09","date_gmt":"2023-05-13T20:16:09","guid":{"rendered":"https:\/\/encuentroinformativo.com.mx\/?p=40605"},"modified":"2023-05-13T14:16:13","modified_gmt":"2023-05-13T20:16:13","slug":"buque-de-greenpeace-tendra-visitas-al-publico-en-veracruz","status":"publish","type":"post","link":"https:\/\/encuentroinformativo.com.mx\/?p=40605","title":{"rendered":"Buque de Greenpeace tendr\u00e1 visitas al p\u00fablico en Veracruz"},"content":{"rendered":"\n<p><strong>Alejandro \u00c1vila<\/strong><\/p>\n\n\n\n<p>Veracruz, Ver.- El buque &#8220;Arctic Sunrise&#8221;, de la fundaci\u00f3n ambientalista Greenpeace, atrac\u00f3 la noche de este viernes 12 de mayo en el muelle de la T del Puerto de Veracruz.<\/p>\n\n\n\n<p>Gustavo Ampugnani, director ejecutivo de Greenpeace M\u00e9xico, mencion\u00f3 que la embarcaci\u00f3n tendr\u00e1 visitas abiertas al p\u00fablico, del 31 de mayo al 4 de junio en horarios de 9 de la ma\u00f1ana a 5 de la tarde; previo registro en la p\u00e1gina de internet&nbsp;www.greenpeace.org.mx<\/p>\n\n\n\n<p>Previo a ello har\u00e1 una investigaci\u00f3n de aproximadamente tres semanas en los mares del Golfo de M\u00e9xico, como parte de los trabajos de la protecci\u00f3n global de los oc\u00e9anos.<\/p>\n\n\n\n<p>&#8220;Nuestra campa\u00f1a se llama &#8216;Mar Adentro, Mar Afuera&#8217;, y lo que nosotros queremos hacer es sensibilizar al p\u00fablico en general y a las autoridades por supuesto, de cuales son los problemas que enfrentan los oc\u00e9anos y como se puede evitar que esos problemas se agudicen&#8221;, se\u00f1al\u00f3.<\/p>\n\n\n\n<p>El activista destac\u00f3 que la Fundaci\u00f3n Greenpeace cumple 30 a\u00f1os de existencia en M\u00e9xico, y a las personas que visiten la embarcaci\u00f3n se les platicar\u00e1 sobre los problemas ambientales que tiene el pa\u00eds y los logros que se han obtenido durante su presencia en la Rep\u00fablica Mexicana.<\/p>\n\n\n\n<p>&#8220;La tripulaci\u00f3n est\u00e1 compuesta de unas 15 personas de base de diferentes pa\u00edses y, a partir del lunes despu\u00e9s de la conferencia de prensa, van a abordar investigadores de la Universidad Veracruzana, m\u00e1s el equipo de Greenpeace M\u00e9xico, nuestros expertos, que van a estar haciendo un trabajo de en esta parte del Golfo de M\u00e9xico&#8221;, agreg\u00f3.<\/p>\n\n\n\n<p>Gustavo Ampugnani dijo que los problemas que enfrentan los oc\u00e9anos del mundo son varios, tales como: cambio clim\u00e1tico, acidificaci\u00f3n del agua, contaminaci\u00f3n, derrames, contaminaci\u00f3n por pl\u00e1stico, sobre pesca, miner\u00eda submarina, entre otros.<\/p>\n\n\n\n<p>&#8220;No estoy diciendo que todos esos problemas est\u00e9n aqu\u00ed en las costas de Veracruz, no. Pero vamos a usar o aprovechar que el barco est\u00e1 aqu\u00ed, para hablar de todos esos problemas globales&#8221;, culmin\u00f3.<\/p>\n","protected":false},"excerpt":{"rendered":"<p>Alejandro \u00c1vila Veracruz, Ver.- El buque &#8220;Arctic Sunrise&#8221;, de la fundaci\u00f3n ambientalista Greenpeace, atrac\u00f3 la noche de este viernes 12 de mayo en el muelle de la T del Puerto de Veracruz. Gustavo Ampugnani, director ejecutivo de Greenpeace M\u00e9xico, mencion\u00f3 que la embarcaci\u00f3n tendr\u00e1 visitas abiertas al p\u00fablico, del 31 de mayo al 4 de [&hellip;]<\/p>\n","protected":false},"author":2476,"featured_media":40606,"comment_status":"open","ping_status":"open","sticky":false,"template":"","format":"standard","meta":{"_jetpack_memberships_contains_paid_content":false,"footnotes":""},"categories":[2],"tags":[],"class_list":["post-40605","post","type-post","status-publish","format-standard","has-post-thumbnail","hentry","category-estado"],"jetpack_featured_media_url":"https:\/\/encuentroinformativo.com.mx\/wp-content\/uploads\/2023\/05\/IMG-20230513-WA0008.jpg","jetpack_sharing_enabled":true,"jetpack_likes_enabled":true,"amp_enabled":true,"_links":{"self":[{"href":"https:\/\/encuentroinformativo.com.mx\/index.php?rest_route=\/wp\/v2\/posts\/40605","targetHints":{"allow":["GET"]}}],"collection":[{"href":"https:\/\/encuentroinformativo.com.mx\/index.php?rest_route=\/wp\/v2\/posts"}],"about":[{"href":"https:\/\/encuentroinformativo.com.mx\/index.php?rest_route=\/wp\/v2\/types\/post"}],"author":[{"embeddable":true,"href":"https:\/\/encuentroinformativo.com.mx\/index.php?rest_route=\/wp\/v2\/users\/2476"}],"replies":[{"embeddable":true,"href":"https:\/\/encuentroinformativo.com.mx\/index.php?rest_route=%2Fwp%2Fv2%2Fcomments&post=40605"}],"version-history":[{"count":1,"href":"https:\/\/encuentroinformativo.com.mx\/index.php?rest_route=\/wp\/v2\/posts\/40605\/revisions"}],"predecessor-version":[{"id":40607,"href":"https:\/\/encuentroinformativo.com.mx\/index.php?rest_route=\/wp\/v2\/posts\/40605\/revisions\/40607"}],"wp:featuredmedia":[{"embeddable":true,"href":"https:\/\/encuentroinformativo.com.mx\/index.php?rest_route=\/wp\/v2\/media\/40606"}],"wp:attachment":[{"href":"https:\/\/encuentroinformativo.com.mx\/index.php?rest_route=%2Fwp%2Fv2%2Fmedia&parent=40605"}],"wp:term":[{"taxonomy":"category","embeddable":true,"href":"https:\/\/encuentroinformativo.com.mx\/index.php?rest_route=%2Fwp%2Fv2%2Fcategories&post=40605"},{"taxonomy":"post_tag","embeddable":true,"href":"https:\/\/encuentroinformativo.com.mx\/index.php?rest_route=%2Fwp%2Fv2%2Ftags&post=40605"}],"curies":[{"name":"wp","href":"https:\/\/api.w.org\/{rel}","templated":true}]}}