{"id":40611,"date":"2023-05-13T14:25:19","date_gmt":"2023-05-13T20:25:19","guid":{"rendered":"https:\/\/encuentroinformativo.com.mx\/?p=40611"},"modified":"2023-05-13T14:25:21","modified_gmt":"2023-05-13T20:25:21","slug":"varias-localidades-de-tlalixcoyan-se-quedan-sin-luz-cada-frente-frio","status":"publish","type":"post","link":"https:\/\/encuentroinformativo.com.mx\/?p=40611","title":{"rendered":"Varias localidades de Tlalixcoyan se quedan sin luz cada Frente Fr\u00edo"},"content":{"rendered":"\n<p><strong>Alejandro \u00c1vila<\/strong><\/p>\n\n\n\n<p>Tlalixcoyan, Ver.- Diversas localidades del municipio de Tlalixcoyan se quedan sin energ\u00eda el\u00e9ctrica durante varias horas, incluso d\u00edas, cada que hay fuertes rachas de vientos del norte, reconoci\u00f3 la alcaldesa, Elvia Illescas Loyo.<\/p>\n\n\n\n<p>La edil panista mencion\u00f3 que han tenido constantes reuniones con los representantes de la Comisi\u00f3n Federal de Electricidad, pues est\u00e1 pendiente el mantenimiento a las l\u00edneas de transferencia de energ\u00eda el\u00e9ctrica, as\u00ed como a sus transformadores.<\/p>\n\n\n\n<p>&#8220;Fueron alrededor de siete localidades las que se vieron afectadas (\u2026) empieza el aire o cualquier cambio clim\u00e1tico y se va la luz, m\u00e1s que nada son las localidades de La V\u00edbora, La Tuna, Remolino, Paso Carreta, Cocuite. Entonces s\u00ed, Comisi\u00f3n s\u00ed nos tiene que apoyar mucho para darle mantenimiento a las l\u00edneas (\u2026) la congregaci\u00f3n m\u00e1s poblada es la de Piedras Negras, de ah\u00ed sigue Cocuite, ah\u00ed tambi\u00e9n tenemos problemas de luz&#8221;, refiri\u00f3.<\/p>\n\n\n\n<p>Elvia Illesscas dijo que el&nbsp;Frente&nbsp;Fr\u00edo&nbsp;52, que se desarroll\u00f3 a finales del mes de abril, dej\u00f3 a varias colonias de las localidades antes mencionadas con falta de luz, por aproximadamente 8 horas.<\/p>\n\n\n\n<p>&#8220;Las personas que viven en las colonias y en las comunidades s\u00ed se ven afectadas, luego hay enfermos, gente enferma que requiere de medicamento en refrigeraci\u00f3n y al no tener luz, pues s\u00ed se ve muy afectada&#8221;, expres\u00f3.<\/p>\n","protected":false},"excerpt":{"rendered":"<p>Alejandro \u00c1vila Tlalixcoyan, Ver.- Diversas localidades del municipio de Tlalixcoyan se quedan sin energ\u00eda el\u00e9ctrica durante varias horas, incluso d\u00edas, cada que hay fuertes rachas de vientos del norte, reconoci\u00f3 la alcaldesa, Elvia Illescas Loyo. La edil panista mencion\u00f3 que han tenido constantes reuniones con los representantes de la Comisi\u00f3n Federal de Electricidad, pues est\u00e1 [&hellip;]<\/p>\n","protected":false},"author":2476,"featured_media":40612,"comment_status":"open","ping_status":"open","sticky":false,"template":"","format":"standard","meta":{"_jetpack_memberships_contains_paid_content":false,"footnotes":""},"categories":[2],"tags":[],"class_list":["post-40611","post","type-post","status-publish","format-standard","has-post-thumbnail","hentry","category-estado"],"jetpack_featured_media_url":"https:\/\/encuentroinformativo.com.mx\/wp-content\/uploads\/2023\/05\/IMG-20230513-WA0032.jpg","jetpack_sharing_enabled":true,"jetpack_likes_enabled":true,"amp_enabled":true,"_links":{"self":[{"href":"https:\/\/encuentroinformativo.com.mx\/index.php?rest_route=\/wp\/v2\/posts\/40611","targetHints":{"allow":["GET"]}}],"collection":[{"href":"https:\/\/encuentroinformativo.com.mx\/index.php?rest_route=\/wp\/v2\/posts"}],"about":[{"href":"https:\/\/encuentroinformativo.com.mx\/index.php?rest_route=\/wp\/v2\/types\/post"}],"author":[{"embeddable":true,"href":"https:\/\/encuentroinformativo.com.mx\/index.php?rest_route=\/wp\/v2\/users\/2476"}],"replies":[{"embeddable":true,"href":"https:\/\/encuentroinformativo.com.mx\/index.php?rest_route=%2Fwp%2Fv2%2Fcomments&post=40611"}],"version-history":[{"count":1,"href":"https:\/\/encuentroinformativo.com.mx\/index.php?rest_route=\/wp\/v2\/posts\/40611\/revisions"}],"predecessor-version":[{"id":40613,"href":"https:\/\/encuentroinformativo.com.mx\/index.php?rest_route=\/wp\/v2\/posts\/40611\/revisions\/40613"}],"wp:featuredmedia":[{"embeddable":true,"href":"https:\/\/encuentroinformativo.com.mx\/index.php?rest_route=\/wp\/v2\/media\/40612"}],"wp:attachment":[{"href":"https:\/\/encuentroinformativo.com.mx\/index.php?rest_route=%2Fwp%2Fv2%2Fmedia&parent=40611"}],"wp:term":[{"taxonomy":"category","embeddable":true,"href":"https:\/\/encuentroinformativo.com.mx\/index.php?rest_route=%2Fwp%2Fv2%2Fcategories&post=40611"},{"taxonomy":"post_tag","embeddable":true,"href":"https:\/\/encuentroinformativo.com.mx\/index.php?rest_route=%2Fwp%2Fv2%2Ftags&post=40611"}],"curies":[{"name":"wp","href":"https:\/\/api.w.org\/{rel}","templated":true}]}}