{"id":40614,"date":"2023-05-13T18:08:44","date_gmt":"2023-05-14T00:08:44","guid":{"rendered":"https:\/\/encuentroinformativo.com.mx\/?p=40614"},"modified":"2023-05-13T18:08:48","modified_gmt":"2023-05-14T00:08:48","slug":"solicitan-pobladores-clausura-definitiva-de-mina-las-lajas","status":"publish","type":"post","link":"https:\/\/encuentroinformativo.com.mx\/?p=40614","title":{"rendered":"Solicitan pobladores clausura definitiva de mina Las Lajas"},"content":{"rendered":"\n<p><strong>Dar\u00edo Pale <\/strong><\/p>\n\n\n\n<p>Xalapa, Ver.- Habitantes de las congregaciones de Consolapa y Chopantla del municipio de Coatepec se manifestaron sobra la carretera Briones donde realizaron bloqueos intermitentes para solicitar la clausura definitiva de la mina de piedra Las Lajas.<\/p>\n\n\n\n<p>En entrevista Zaira Dom\u00ednguez vecina de Chopantla se\u00f1al\u00f3 que las Lajas es una mina de piedra bas\u00e1ltica la cual se utiliza para hacer graba, y donde se encuentra es una zona considerada como reserva ecol\u00f3gica productiva por lo que la miner\u00eda no tiene cabida en ese espacio.<\/p>\n\n\n\n<p>Adem\u00e1s de que est\u00e1 muy cerca del manantial Las Lajas el cual abastece del vital l\u00edquido a 4 mil 500 personas aproximadamente y esta cerca del r\u00edo Suchiapa, el cual es uno de los espacios tur\u00edsticos de Coatepec.<\/p>\n\n\n\n<p>Por lo que la explotaci\u00f3n de esta mina es ilegal y de llagar a trabajar en ella afectar\u00eda los cuerpos de agua ya que tambi\u00e9n alimenta del vital l\u00edquido a otras comunidades y fraccionamientos, por lo que la afectaci\u00f3n ser\u00eda muy grave ya que puede ocasionar deslaves, lodos lo cual es indeseable.<\/p>\n\n\n\n<p>Inform\u00f3 que desde febrero comenzaron a realizar trabajos preparativos, la mina ten\u00eda permisos en 1992, pero ya caducaron ya que en el 2004 se realizaron un ordenamiento con Xalapa y se realizaron divisiones con el municipio por lo que ya no es factible ya que se afectan cuerpos de agua y actualmente hay escasez de este l\u00edquido.<\/p>\n\n\n\n<p>En diferentes a\u00f1os a intentado volver a reactivar la mina pero las autoridades se la han impedido por el riesgo que implica la explotaci\u00f3n de ese tipo, por los explosivos y otras cosas lo cual afecta el manantial.<\/p>\n\n\n\n<p>Coment\u00f3 que el d\u00eda de ayer fueron autoridades de PROFEPA y SEDEMA y clausuraron la mina pero quieren que esta sea de manera definitiva, ya que es probable que esta sea s\u00f3lo por un momento, adem\u00e1s est\u00e1n solicitando que tanto CONAGUA como el ayuntamiento de Coatepec hagan su trabajo.<\/p>\n\n\n\n<p>Finalmente acusaron que el ayuntamiento de Coatepec ha sido omiso o c\u00f3mplice ya que no ha hecho nada y se ha lavado las manos, debe de ponerse del lado de los ciudadanos ya que de llegarse a afectar el manantial no tiene de d\u00f3nde sacar m\u00e1s agua.<\/p>\n\n\n\n<figure class=\"wp-block-image size-large\"><img loading=\"lazy\" decoding=\"async\" width=\"1024\" height=\"768\" src=\"https:\/\/encuentroinformativo.com.mx\/wp-content\/uploads\/2023\/05\/IMG-20230513-WA0035-1024x768.jpg\" alt=\"\" class=\"wp-image-40616\" srcset=\"https:\/\/encuentroinformativo.com.mx\/wp-content\/uploads\/2023\/05\/IMG-20230513-WA0035-1024x768.jpg 1024w, https:\/\/encuentroinformativo.com.mx\/wp-content\/uploads\/2023\/05\/IMG-20230513-WA0035-300x225.jpg 300w, https:\/\/encuentroinformativo.com.mx\/wp-content\/uploads\/2023\/05\/IMG-20230513-WA0035-768x576.jpg 768w, https:\/\/encuentroinformativo.com.mx\/wp-content\/uploads\/2023\/05\/IMG-20230513-WA0035-1536x1152.jpg 1536w, https:\/\/encuentroinformativo.com.mx\/wp-content\/uploads\/2023\/05\/IMG-20230513-WA0035.jpg 1600w\" sizes=\"auto, (max-width: 1024px) 100vw, 1024px\" \/><\/figure>\n","protected":false},"excerpt":{"rendered":"<p>Dar\u00edo Pale Xalapa, Ver.- Habitantes de las congregaciones de Consolapa y Chopantla del municipio de Coatepec se manifestaron sobra la carretera Briones donde realizaron bloqueos intermitentes para solicitar la clausura definitiva de la mina de piedra Las Lajas. En entrevista Zaira Dom\u00ednguez vecina de Chopantla se\u00f1al\u00f3 que las Lajas es una mina de piedra bas\u00e1ltica [&hellip;]<\/p>\n","protected":false},"author":2476,"featured_media":40615,"comment_status":"open","ping_status":"open","sticky":false,"template":"","format":"standard","meta":{"_jetpack_memberships_contains_paid_content":false,"footnotes":""},"categories":[8],"tags":[],"class_list":["post-40614","post","type-post","status-publish","format-standard","has-post-thumbnail","hentry","category-region"],"jetpack_featured_media_url":"https:\/\/encuentroinformativo.com.mx\/wp-content\/uploads\/2023\/05\/IMG-20230513-WA0033.jpg","jetpack_sharing_enabled":true,"jetpack_likes_enabled":true,"amp_enabled":true,"_links":{"self":[{"href":"https:\/\/encuentroinformativo.com.mx\/index.php?rest_route=\/wp\/v2\/posts\/40614","targetHints":{"allow":["GET"]}}],"collection":[{"href":"https:\/\/encuentroinformativo.com.mx\/index.php?rest_route=\/wp\/v2\/posts"}],"about":[{"href":"https:\/\/encuentroinformativo.com.mx\/index.php?rest_route=\/wp\/v2\/types\/post"}],"author":[{"embeddable":true,"href":"https:\/\/encuentroinformativo.com.mx\/index.php?rest_route=\/wp\/v2\/users\/2476"}],"replies":[{"embeddable":true,"href":"https:\/\/encuentroinformativo.com.mx\/index.php?rest_route=%2Fwp%2Fv2%2Fcomments&post=40614"}],"version-history":[{"count":1,"href":"https:\/\/encuentroinformativo.com.mx\/index.php?rest_route=\/wp\/v2\/posts\/40614\/revisions"}],"predecessor-version":[{"id":40617,"href":"https:\/\/encuentroinformativo.com.mx\/index.php?rest_route=\/wp\/v2\/posts\/40614\/revisions\/40617"}],"wp:featuredmedia":[{"embeddable":true,"href":"https:\/\/encuentroinformativo.com.mx\/index.php?rest_route=\/wp\/v2\/media\/40615"}],"wp:attachment":[{"href":"https:\/\/encuentroinformativo.com.mx\/index.php?rest_route=%2Fwp%2Fv2%2Fmedia&parent=40614"}],"wp:term":[{"taxonomy":"category","embeddable":true,"href":"https:\/\/encuentroinformativo.com.mx\/index.php?rest_route=%2Fwp%2Fv2%2Fcategories&post=40614"},{"taxonomy":"post_tag","embeddable":true,"href":"https:\/\/encuentroinformativo.com.mx\/index.php?rest_route=%2Fwp%2Fv2%2Ftags&post=40614"}],"curies":[{"name":"wp","href":"https:\/\/api.w.org\/{rel}","templated":true}]}}