{"id":40635,"date":"2023-05-15T10:50:17","date_gmt":"2023-05-15T16:50:17","guid":{"rendered":"https:\/\/encuentroinformativo.com.mx\/?p=40635"},"modified":"2023-05-15T10:50:21","modified_gmt":"2023-05-15T16:50:21","slug":"sev-solo-ha-cubierto-9-de-las-20-mil-horas-faltantes-en-escuelas-de-veracruz","status":"publish","type":"post","link":"https:\/\/encuentroinformativo.com.mx\/?p=40635","title":{"rendered":"SEV solo ha cubierto 9 de las 20 mil horas faltantes en escuelas de Veracruz"},"content":{"rendered":"\n<p><strong>Alejandro \u00c1vila<\/strong><\/p>\n\n\n\n<p>Veracruz, Ver.- El secretario de Educaci\u00f3n, Zenyazen Escobar Garc\u00eda, dijo que a la fecha se han cubierto 9 de las 20 mil horas que se tienen de d\u00e9ficit en las escuelas de la entidad veracruzana.<\/p>\n\n\n\n<p>El funcionario estatal mencion\u00f3 que en la primera semana de mayo se dieron 3 mil horas a docentes de educaci\u00f3n secundaria.<\/p>\n\n\n\n<p>&nbsp;&#8220;Acabamos de dar hace unos d\u00edas 3 mil horas, son compa\u00f1eras y compa\u00f1eros de secundarias t\u00e9cnicas y generales, los cuales ven\u00edan cubriendo durante muchos a\u00f1os para poder tener un aumento de carga, y esto se suma a las 6 mil horas que por justicia social ha hecho esta administraci\u00f3n, y que de igual manera nos estamos esforzando para tener mayor creaci\u00f3n de lo que son, en este caso, estas horas faltantes qu\u00e9 requerimos en las aulas, y de igual manera para el d\u00e9ficit de maestros que se tiene en el estado de Veracruz&#8221;, subray\u00f3.<\/p>\n\n\n\n<p>Las clases que se cubrieron con estas nuevas 3 mil horas son: ingl\u00e9s, matem\u00e1ticas, espa\u00f1ol, taller y educaci\u00f3n f\u00edsica.&nbsp;<\/p>\n\n\n\n<p>&#8220;Todas estas materias en las cuales hab\u00eda faltantes y, a trav\u00e9s de un trabajo que se hizo de la propia Secretar\u00eda de Educaci\u00f3n, se hizo tanto cancelaci\u00f3n &#8211; creaci\u00f3n, y de igual manera estamos en esta tarea que nos toca, administrativa, para lograr el mayor n\u00famero de horas y signarlas a compa\u00f1eras y compa\u00f1eros maestros&#8221;, declar\u00f3.<\/p>\n\n\n\n<p>Este lunes 15 de mayo se llev\u00f3 a cabo el festejo por el D\u00eda del Maestro en el World Trade Center de Boca del R\u00edo, donde se entregaron est\u00edmulos econ\u00f3micos a 5 mil maestros con trayectoria superior a los 30 y 40 a\u00f1os, por un total de 166 millones de pesos.<\/p>\n","protected":false},"excerpt":{"rendered":"<p>Alejandro \u00c1vila Veracruz, Ver.- El secretario de Educaci\u00f3n, Zenyazen Escobar Garc\u00eda, dijo que a la fecha se han cubierto 9 de las 20 mil horas que se tienen de d\u00e9ficit en las escuelas de la entidad veracruzana. El funcionario estatal mencion\u00f3 que en la primera semana de mayo se dieron 3 mil horas a docentes [&hellip;]<\/p>\n","protected":false},"author":2476,"featured_media":40636,"comment_status":"open","ping_status":"open","sticky":false,"template":"","format":"standard","meta":{"_jetpack_memberships_contains_paid_content":false,"footnotes":""},"categories":[2],"tags":[],"class_list":["post-40635","post","type-post","status-publish","format-standard","has-post-thumbnail","hentry","category-estado"],"jetpack_featured_media_url":"https:\/\/encuentroinformativo.com.mx\/wp-content\/uploads\/2023\/05\/IMG-20230515-WA00122.jpg","jetpack_sharing_enabled":true,"jetpack_likes_enabled":true,"amp_enabled":true,"_links":{"self":[{"href":"https:\/\/encuentroinformativo.com.mx\/index.php?rest_route=\/wp\/v2\/posts\/40635","targetHints":{"allow":["GET"]}}],"collection":[{"href":"https:\/\/encuentroinformativo.com.mx\/index.php?rest_route=\/wp\/v2\/posts"}],"about":[{"href":"https:\/\/encuentroinformativo.com.mx\/index.php?rest_route=\/wp\/v2\/types\/post"}],"author":[{"embeddable":true,"href":"https:\/\/encuentroinformativo.com.mx\/index.php?rest_route=\/wp\/v2\/users\/2476"}],"replies":[{"embeddable":true,"href":"https:\/\/encuentroinformativo.com.mx\/index.php?rest_route=%2Fwp%2Fv2%2Fcomments&post=40635"}],"version-history":[{"count":1,"href":"https:\/\/encuentroinformativo.com.mx\/index.php?rest_route=\/wp\/v2\/posts\/40635\/revisions"}],"predecessor-version":[{"id":40637,"href":"https:\/\/encuentroinformativo.com.mx\/index.php?rest_route=\/wp\/v2\/posts\/40635\/revisions\/40637"}],"wp:featuredmedia":[{"embeddable":true,"href":"https:\/\/encuentroinformativo.com.mx\/index.php?rest_route=\/wp\/v2\/media\/40636"}],"wp:attachment":[{"href":"https:\/\/encuentroinformativo.com.mx\/index.php?rest_route=%2Fwp%2Fv2%2Fmedia&parent=40635"}],"wp:term":[{"taxonomy":"category","embeddable":true,"href":"https:\/\/encuentroinformativo.com.mx\/index.php?rest_route=%2Fwp%2Fv2%2Fcategories&post=40635"},{"taxonomy":"post_tag","embeddable":true,"href":"https:\/\/encuentroinformativo.com.mx\/index.php?rest_route=%2Fwp%2Fv2%2Ftags&post=40635"}],"curies":[{"name":"wp","href":"https:\/\/api.w.org\/{rel}","templated":true}]}}