{"id":40638,"date":"2023-05-15T11:21:53","date_gmt":"2023-05-15T17:21:53","guid":{"rendered":"https:\/\/encuentroinformativo.com.mx\/?p=40638"},"modified":"2023-05-15T11:21:58","modified_gmt":"2023-05-15T17:21:58","slug":"deudores-alimentarios-ya-no-podran-ser-candidatos-en-veracruz","status":"publish","type":"post","link":"https:\/\/encuentroinformativo.com.mx\/?p=40638","title":{"rendered":"Deudores alimentarios ya no podr\u00e1n ser candidatos en Veracruz"},"content":{"rendered":"\n<p><strong>Alejandro \u00c1vila<\/strong><\/p>\n\n\n\n<p>Veracruz, Ver.- Toda persona que se encuentre en el Registro de Deudores Alimentarios ya no podr\u00e1 ser candidato a un cargo p\u00fablico en el estado de Veracruz, confirm\u00f3 el diputado local, Juan Javier G\u00f3mez Cazar\u00edn.<\/p>\n\n\n\n<p>Cabe destacar que fue la diputada, Anil\u00fa Ingram Vallines qui\u00e9n estuvo pugnando desde hace varios meses porque la Ley 3 de 3 fuera aprobada en Veracruz, tal como ya se hab\u00eda hecho en el Senado de la Rep\u00fablica y el Congreso Federal.<\/p>\n\n\n\n<p>El legislador record\u00f3 que el pasado jueves se aprob\u00f3 en el Congreso de Veracruz, que los j\u00f3venes una vez cumplida su mayor\u00eda de edad, ya puedan participar como aspirantes a un cargo p\u00fablico; de igual manera, dijo que tambi\u00e9n se aprob\u00f3 que, a toda personas que le sea comprobada una deuda alimentaria (pensi\u00f3n), le ser\u00e1 negada la candidatura por cualquier partido pol\u00edtico.<\/p>\n\n\n\n<p>&#8220;Los hombres que tengan alg\u00fan cargo por no pagar pensi\u00f3n, por decirlo as\u00ed, a sus esposas, a sus hijos, pues no tienen derecho a participar en las elecciones de 2024. A todo se le dio tr\u00e1mite, seguimos caminando en el Congreso, apenas iniciamos el nuevo periodo, y se est\u00e1 legislando a favor de los veracruzanos y las veracruzanas&#8221;, destac\u00f3.<\/p>\n\n\n\n<p>El otro tema, sobre las denuncias que se han hecho p\u00fablicas en contra de diversos funcionarios de Morena del Estado de Veracruz, quienes acudieron al Estado de M\u00e9xico hacer campa\u00f1a a favor de la candidata a la gubernatura, Delfina G\u00f3mez, el diputado Juan Javier G\u00f3mez Cazar\u00edn, dijo que toda persona tiene derecho a manifestar sus preferencias, y en el caso de los funcionarios se\u00f1alados, espera lo hayan hecho en un d\u00eda inh\u00e1bil.<\/p>\n\n\n\n<p>&#8220;En la cuesti\u00f3n personal, yo he ido a hacer campa\u00f1a en otros lados, siempre y cuando sean los d\u00edas inh\u00e1biles s\u00e1bado o domingo, y siempre y cuando no se utilicen recursos de una instituci\u00f3n p\u00fablica, en este caso de Gobierno o de la Secretar\u00eda de Bienestar o algo as\u00ed, pues se puede hacer, cuando el recurso lo hace lo propone uno, sale de la bolsa de uno, porque no est\u00e1 bien utilizar los recursos del gobierno para hacer campa\u00f1a, yo ah\u00ed no estoy de acuerdo. Lo que te puedo decir, es que aunque sean empleados de gobierno tienen derecho a manifestarse, siempre y cuando, repito, sean s\u00e1bados o domingos&#8221;, culmin\u00f3.<\/p>\n","protected":false},"excerpt":{"rendered":"<p>Alejandro \u00c1vila Veracruz, Ver.- Toda persona que se encuentre en el Registro de Deudores Alimentarios ya no podr\u00e1 ser candidato a un cargo p\u00fablico en el estado de Veracruz, confirm\u00f3 el diputado local, Juan Javier G\u00f3mez Cazar\u00edn. Cabe destacar que fue la diputada, Anil\u00fa Ingram Vallines qui\u00e9n estuvo pugnando desde hace varios meses porque la [&hellip;]<\/p>\n","protected":false},"author":2476,"featured_media":40639,"comment_status":"open","ping_status":"open","sticky":false,"template":"","format":"standard","meta":{"_jetpack_memberships_contains_paid_content":false,"footnotes":""},"categories":[2],"tags":[],"class_list":["post-40638","post","type-post","status-publish","format-standard","has-post-thumbnail","hentry","category-estado"],"jetpack_featured_media_url":"https:\/\/encuentroinformativo.com.mx\/wp-content\/uploads\/2023\/05\/IMG-20230515-WA0020.jpg","jetpack_sharing_enabled":true,"jetpack_likes_enabled":true,"amp_enabled":true,"_links":{"self":[{"href":"https:\/\/encuentroinformativo.com.mx\/index.php?rest_route=\/wp\/v2\/posts\/40638","targetHints":{"allow":["GET"]}}],"collection":[{"href":"https:\/\/encuentroinformativo.com.mx\/index.php?rest_route=\/wp\/v2\/posts"}],"about":[{"href":"https:\/\/encuentroinformativo.com.mx\/index.php?rest_route=\/wp\/v2\/types\/post"}],"author":[{"embeddable":true,"href":"https:\/\/encuentroinformativo.com.mx\/index.php?rest_route=\/wp\/v2\/users\/2476"}],"replies":[{"embeddable":true,"href":"https:\/\/encuentroinformativo.com.mx\/index.php?rest_route=%2Fwp%2Fv2%2Fcomments&post=40638"}],"version-history":[{"count":1,"href":"https:\/\/encuentroinformativo.com.mx\/index.php?rest_route=\/wp\/v2\/posts\/40638\/revisions"}],"predecessor-version":[{"id":40640,"href":"https:\/\/encuentroinformativo.com.mx\/index.php?rest_route=\/wp\/v2\/posts\/40638\/revisions\/40640"}],"wp:featuredmedia":[{"embeddable":true,"href":"https:\/\/encuentroinformativo.com.mx\/index.php?rest_route=\/wp\/v2\/media\/40639"}],"wp:attachment":[{"href":"https:\/\/encuentroinformativo.com.mx\/index.php?rest_route=%2Fwp%2Fv2%2Fmedia&parent=40638"}],"wp:term":[{"taxonomy":"category","embeddable":true,"href":"https:\/\/encuentroinformativo.com.mx\/index.php?rest_route=%2Fwp%2Fv2%2Fcategories&post=40638"},{"taxonomy":"post_tag","embeddable":true,"href":"https:\/\/encuentroinformativo.com.mx\/index.php?rest_route=%2Fwp%2Fv2%2Ftags&post=40638"}],"curies":[{"name":"wp","href":"https:\/\/api.w.org\/{rel}","templated":true}]}}