{"id":4064,"date":"2020-07-13T16:44:59","date_gmt":"2020-07-13T21:44:59","guid":{"rendered":"https:\/\/encuentroinformativo.com\/?p=4064"},"modified":"2020-07-13T16:45:02","modified_gmt":"2020-07-13T21:45:02","slug":"tras-la-fiesta-analizan-toque-de-queda-en-xico","status":"publish","type":"post","link":"https:\/\/encuentroinformativo.com.mx\/?p=4064","title":{"rendered":"Tras la fiesta, analizan toque de queda en Xico"},"content":{"rendered":"\n<p><strong>Juan Arcos <\/strong><\/p>\n\n\n\n<p>Xalapa, Ver.- El ayuntamiento de Xico analiza imponer el toque de queda para sancionar a quienes no respeten la cancelaci\u00f3n de eventos masivos en honor a Santa Mar\u00eda Magdalena.<\/p>\n\n\n\n<p>As\u00ed lo dio a conocer el s\u00edndico Jos\u00e9 Miguel Cuel Guevara, quien a\u00f1adi\u00f3 que tambi\u00e9n se solicitar\u00eda el apoyo de la fuerza p\u00fablica al gobierno estatal y federal, ante el desacato de los pobladores.<\/p>\n\n\n\n<p>\u201cTodas las medidas que sean necesarias para evitar la propagaci\u00f3n, nosotros apostamos por la voluntad de los xique\u00f1os, a creer que es un pueblo inteligente y que puede acatar las acciones, esto se va generando con mayor intensidad y as\u00ed deben ser las l\u00edneas de acci\u00f3n, aplicarse sanciones, ya las medidas preventivas ya fueron suficientes, ya los datos as\u00ed lo dicen, tuvimos la oportunidad de hacer las cosas por nuestra convicci\u00f3n y de no verlo as\u00ed, si es necesario acatar otras medidas\u201d.<\/p>\n\n\n\n<p>Cabe recordar que desde el pasado jueves 9 de julio, la presidenta municipal Gloria Luz Galv\u00e1n Ordu\u00f1a anunci\u00f3 la cancelaci\u00f3n de los eventos socioculturales y art\u00edsticos por la pandemia del COVID-19.<\/p>\n\n\n\n<p>Sin embargo, durante el s\u00e1bado, cientos de personas salieron a las calles xique\u00f1as para llevar a cabo la actividad de la \u201cnoche del cencerro\u201d, situaci\u00f3n que fue muy criticada.<\/p>\n\n\n\n<p>Ser\u00e1 a partir de este lunes 13 de julio cuando se analicen y establezcan las medidas para restringir la movilidad en el Pueblo M\u00e1gico.<\/p>\n\n\n\n<p>\u201cS\u00ed es necesario casi obligatorio el tener que hacerlo porque no se ve la participaci\u00f3n y la concientizaci\u00f3n de la gente, por s\u00ed sola va a ser dif\u00edcil que lo entiendan, aunque esto es corresponsabilidad de todos. Se est\u00e1 haciendo esa petici\u00f3n, est\u00e1 programado, es necesario tener la participaci\u00f3n de Gobierno del Estado y de las distintas dependencias sanitarias como de seguridad\u201d, a\u00f1adi\u00f3.<\/p>\n\n\n\n<p>En los pr\u00f3ximos d\u00edas se dar\u00e1 a conocer la decisi\u00f3n que tome el Cabildo de Xico, respecto a dicho tema.<\/p>\n\n\n\n<p><\/p>\n","protected":false},"excerpt":{"rendered":"<p>Juan Arcos Xalapa, Ver.- El ayuntamiento de Xico analiza imponer el toque de queda para sancionar a quienes no respeten la cancelaci\u00f3n de eventos masivos en honor a Santa Mar\u00eda Magdalena. As\u00ed lo dio a conocer el s\u00edndico Jos\u00e9 Miguel Cuel Guevara, quien a\u00f1adi\u00f3 que tambi\u00e9n se solicitar\u00eda el apoyo de la fuerza p\u00fablica al [&hellip;]<\/p>\n","protected":false},"author":1,"featured_media":4065,"comment_status":"open","ping_status":"open","sticky":false,"template":"","format":"standard","meta":{"_jetpack_memberships_contains_paid_content":false,"footnotes":""},"categories":[8],"tags":[],"class_list":["post-4064","post","type-post","status-publish","format-standard","has-post-thumbnail","hentry","category-region"],"jetpack_featured_media_url":"https:\/\/encuentroinformativo.com.mx\/wp-content\/uploads\/2020\/07\/18D1DD8C-A598-4B03-8503-1AEF8F0C8D7E.jpeg","jetpack_sharing_enabled":true,"jetpack_likes_enabled":true,"amp_enabled":true,"_links":{"self":[{"href":"https:\/\/encuentroinformativo.com.mx\/index.php?rest_route=\/wp\/v2\/posts\/4064","targetHints":{"allow":["GET"]}}],"collection":[{"href":"https:\/\/encuentroinformativo.com.mx\/index.php?rest_route=\/wp\/v2\/posts"}],"about":[{"href":"https:\/\/encuentroinformativo.com.mx\/index.php?rest_route=\/wp\/v2\/types\/post"}],"author":[{"embeddable":true,"href":"https:\/\/encuentroinformativo.com.mx\/index.php?rest_route=\/wp\/v2\/users\/1"}],"replies":[{"embeddable":true,"href":"https:\/\/encuentroinformativo.com.mx\/index.php?rest_route=%2Fwp%2Fv2%2Fcomments&post=4064"}],"version-history":[{"count":1,"href":"https:\/\/encuentroinformativo.com.mx\/index.php?rest_route=\/wp\/v2\/posts\/4064\/revisions"}],"predecessor-version":[{"id":4066,"href":"https:\/\/encuentroinformativo.com.mx\/index.php?rest_route=\/wp\/v2\/posts\/4064\/revisions\/4066"}],"wp:featuredmedia":[{"embeddable":true,"href":"https:\/\/encuentroinformativo.com.mx\/index.php?rest_route=\/wp\/v2\/media\/4065"}],"wp:attachment":[{"href":"https:\/\/encuentroinformativo.com.mx\/index.php?rest_route=%2Fwp%2Fv2%2Fmedia&parent=4064"}],"wp:term":[{"taxonomy":"category","embeddable":true,"href":"https:\/\/encuentroinformativo.com.mx\/index.php?rest_route=%2Fwp%2Fv2%2Fcategories&post=4064"},{"taxonomy":"post_tag","embeddable":true,"href":"https:\/\/encuentroinformativo.com.mx\/index.php?rest_route=%2Fwp%2Fv2%2Ftags&post=4064"}],"curies":[{"name":"wp","href":"https:\/\/api.w.org\/{rel}","templated":true}]}}