{"id":40644,"date":"2023-05-15T12:10:19","date_gmt":"2023-05-15T18:10:19","guid":{"rendered":"https:\/\/encuentroinformativo.com.mx\/?p=40644"},"modified":"2023-05-15T12:10:23","modified_gmt":"2023-05-15T18:10:23","slug":"retornaran-trabajadores-a-sede-de-delegacion-sev-veracruz","status":"publish","type":"post","link":"https:\/\/encuentroinformativo.com.mx\/?p=40644","title":{"rendered":"Retornar\u00e1n trabajadores a sede de delegaci\u00f3n SEV Veracruz"},"content":{"rendered":"\n<p><strong>Alejandro \u00c1vila<\/strong><\/p>\n\n\n\n<p>Boca del R\u00edo, Ver.- Cuatro a\u00f1os han pasado desde que el personal administrativo de la delegaci\u00f3n de la SEV en Veracruz fue evacuado de la sede ubicada en la calle Negrete del municipio de Veracruz, debido al mal estado en el que se encontraba el inmueble.<\/p>\n\n\n\n<p>Desde septiembre del 2019 les prometieron regresar a las oficinas centrales a la brevedad; sin embargo, fue hasta mayo del 2022 cuando iniciaron los trabajos de rehabilitaci\u00f3n.<\/p>\n\n\n\n<p>Este lunes durante el festejo del D\u00eda del Maestro en el <em>World Trade Center <\/em>de Boca del R\u00edo, la Oficial Mayor de la SEV, Ariadna Selene Aguilar Amaya, dijo que solo falta una \u00faltima etapa y, antes de que termine el actual ciclo escolar se regresar\u00e1 a todo el personal a la sede de la calle Negrete.<\/p>\n\n\n\n<p>&#8220;Estamos ya por terminar, ya nada m\u00e1s es cuesti\u00f3n de instalaciones, pero el techo se cambi\u00f3 todo, ya hicimos reparaciones en paredes, pusimos ya plaf\u00f3n para que no haya contacto con ning\u00fan tipo de l\u00e1mina, tambi\u00e9n dejando m\u00e1s seguro para los compa\u00f1eros administrativos, pero s\u00ed es un problema que requer\u00eda mucho tiempo, y tener mucho cuidado y mucho recurso&#8221;.<\/p>\n\n\n\n<p>&#8220;Estamos ahorita revisando, porque necesitamos tener la disponibilidad presupuestal para el \u00faltimo jal\u00f3n, consideramos que ya en esas fechas estaremos haciendo la licitaci\u00f3n, y seguramente un mes despu\u00e9s de que se haga la licitaci\u00f3n, mes y medio ya podr\u00e1n estar regresando&#8221;, remat\u00f3.<\/p>\n\n\n\n<p>El personal administrativo de la SEV Veracruz se encuentra laborando en un edificio alterno ubicado en la calle Camino Real en el municipio de Boca del R\u00edo, donde se paga 50 mil pesos mensuales de renta; es decir que, a la fecha, la secretar\u00eda de educaci\u00f3n de Veracruz ha desembolsado 2 millones 250 mil pesos en pago de renta.<\/p>\n","protected":false},"excerpt":{"rendered":"<p>Alejandro \u00c1vila Boca del R\u00edo, Ver.- Cuatro a\u00f1os han pasado desde que el personal administrativo de la delegaci\u00f3n de la SEV en Veracruz fue evacuado de la sede ubicada en la calle Negrete del municipio de Veracruz, debido al mal estado en el que se encontraba el inmueble. Desde septiembre del 2019 les prometieron regresar [&hellip;]<\/p>\n","protected":false},"author":2476,"featured_media":40645,"comment_status":"open","ping_status":"open","sticky":false,"template":"","format":"standard","meta":{"_jetpack_memberships_contains_paid_content":false,"footnotes":""},"categories":[2],"tags":[],"class_list":["post-40644","post","type-post","status-publish","format-standard","has-post-thumbnail","hentry","category-estado"],"jetpack_featured_media_url":"https:\/\/encuentroinformativo.com.mx\/wp-content\/uploads\/2023\/05\/IMG-20230515-WA00282.jpg","jetpack_sharing_enabled":true,"jetpack_likes_enabled":true,"amp_enabled":true,"_links":{"self":[{"href":"https:\/\/encuentroinformativo.com.mx\/index.php?rest_route=\/wp\/v2\/posts\/40644","targetHints":{"allow":["GET"]}}],"collection":[{"href":"https:\/\/encuentroinformativo.com.mx\/index.php?rest_route=\/wp\/v2\/posts"}],"about":[{"href":"https:\/\/encuentroinformativo.com.mx\/index.php?rest_route=\/wp\/v2\/types\/post"}],"author":[{"embeddable":true,"href":"https:\/\/encuentroinformativo.com.mx\/index.php?rest_route=\/wp\/v2\/users\/2476"}],"replies":[{"embeddable":true,"href":"https:\/\/encuentroinformativo.com.mx\/index.php?rest_route=%2Fwp%2Fv2%2Fcomments&post=40644"}],"version-history":[{"count":1,"href":"https:\/\/encuentroinformativo.com.mx\/index.php?rest_route=\/wp\/v2\/posts\/40644\/revisions"}],"predecessor-version":[{"id":40646,"href":"https:\/\/encuentroinformativo.com.mx\/index.php?rest_route=\/wp\/v2\/posts\/40644\/revisions\/40646"}],"wp:featuredmedia":[{"embeddable":true,"href":"https:\/\/encuentroinformativo.com.mx\/index.php?rest_route=\/wp\/v2\/media\/40645"}],"wp:attachment":[{"href":"https:\/\/encuentroinformativo.com.mx\/index.php?rest_route=%2Fwp%2Fv2%2Fmedia&parent=40644"}],"wp:term":[{"taxonomy":"category","embeddable":true,"href":"https:\/\/encuentroinformativo.com.mx\/index.php?rest_route=%2Fwp%2Fv2%2Fcategories&post=40644"},{"taxonomy":"post_tag","embeddable":true,"href":"https:\/\/encuentroinformativo.com.mx\/index.php?rest_route=%2Fwp%2Fv2%2Ftags&post=40644"}],"curies":[{"name":"wp","href":"https:\/\/api.w.org\/{rel}","templated":true}]}}