{"id":40647,"date":"2023-05-15T13:10:32","date_gmt":"2023-05-15T19:10:32","guid":{"rendered":"https:\/\/encuentroinformativo.com.mx\/?p=40647"},"modified":"2023-05-15T13:10:36","modified_gmt":"2023-05-15T19:10:36","slug":"por-asaltos-comerciantes-se-organizan-en-banderilla","status":"publish","type":"post","link":"https:\/\/encuentroinformativo.com.mx\/?p=40647","title":{"rendered":"Por asaltos, comerciantes se organizan en Banderilla"},"content":{"rendered":"\n<p><strong>Juan Arcos<\/strong><\/p>\n\n\n\n<p>Banderilla, Ver.- Comerciantes y vecinos del municipio de Banderilla se organizaron para hacer frente a la delincuencia, debido a que han sido constantes los robos y asaltos en la zona.<\/p>\n\n\n\n<p>Las personas colocaron lonas en la fachada de casas y negocios sobre la calle Libertad para advertir a los ladrones que les dar\u00e1n \u201csu escarmiento\u201d si son sorprendidos delinquiendo.<\/p>\n\n\n\n<p>\u201c\u00a1Alto a la delincuencia! Comerciantes vigilantes \u00a1cuidado! Te estamos observando. Unidos contra la delincuencia\u201d, se lee en el mensaje.<\/p>\n\n\n\n<p>Los vecinos de la colonia Salvador D\u00edaz Mir\u00f3n indicaron de manera an\u00f3nima que tambi\u00e9n ha habido asaltos a los transe\u00fantes.<\/p>\n\n\n\n<p>La gente est\u00e1 dispuesta a someter y golpear a los ladrones para posteriormente entregarlos a la polic\u00eda.<\/p>\n\n\n\n<p>\u201cSi la autoridad no est\u00e1 al tanto de esto, nosotros nos ponemos en vigilancia y algunos vecinos estamos en acuerdo, tenemos un grupo organizado para tambi\u00e9n sorprender a los ladrones y darles un escarmiento\u201d, indicaron.<\/p>\n\n\n\n<p>Los pobladores mencionaron que ya tienen identificados a los ladrones y que en pr\u00f3ximos d\u00edas colgar\u00e1n lonas con sus fotograf\u00edas para alertar a la poblaci\u00f3n.<\/p>\n\n\n\n<p>El hartazgo social por la inseguridad tambi\u00e9n ha sido notorio en la ciudad de Xalapa, donde la gente exige mayor vigilancia por parte de la Polic\u00eda Municipal y de la Secretar\u00eda de Seguridad P\u00fablica (SSP) en distintas colonias.<\/p>\n\n\n\n<figure class=\"wp-block-image size-large\"><img loading=\"lazy\" decoding=\"async\" width=\"1024\" height=\"462\" src=\"https:\/\/encuentroinformativo.com.mx\/wp-content\/uploads\/2023\/05\/cafff201-a531-476d-be93-063215a0acce-1024x462.jpg\" alt=\"\" class=\"wp-image-40649\" srcset=\"https:\/\/encuentroinformativo.com.mx\/wp-content\/uploads\/2023\/05\/cafff201-a531-476d-be93-063215a0acce-1024x462.jpg 1024w, https:\/\/encuentroinformativo.com.mx\/wp-content\/uploads\/2023\/05\/cafff201-a531-476d-be93-063215a0acce-300x135.jpg 300w, https:\/\/encuentroinformativo.com.mx\/wp-content\/uploads\/2023\/05\/cafff201-a531-476d-be93-063215a0acce-768x346.jpg 768w, https:\/\/encuentroinformativo.com.mx\/wp-content\/uploads\/2023\/05\/cafff201-a531-476d-be93-063215a0acce.jpg 1156w\" sizes=\"auto, (max-width: 1024px) 100vw, 1024px\" \/><\/figure>\n","protected":false},"excerpt":{"rendered":"<p>Juan Arcos Banderilla, Ver.- Comerciantes y vecinos del municipio de Banderilla se organizaron para hacer frente a la delincuencia, debido a que han sido constantes los robos y asaltos en la zona. Las personas colocaron lonas en la fachada de casas y negocios sobre la calle Libertad para advertir a los ladrones que les dar\u00e1n [&hellip;]<\/p>\n","protected":false},"author":2476,"featured_media":40648,"comment_status":"open","ping_status":"open","sticky":false,"template":"","format":"standard","meta":{"_jetpack_memberships_contains_paid_content":false,"footnotes":""},"categories":[8],"tags":[],"class_list":["post-40647","post","type-post","status-publish","format-standard","has-post-thumbnail","hentry","category-region"],"jetpack_featured_media_url":"https:\/\/encuentroinformativo.com.mx\/wp-content\/uploads\/2023\/05\/6ec02256-fc0f-4d1c-bb33-998c6a4129d5.jpg","jetpack_sharing_enabled":true,"jetpack_likes_enabled":true,"amp_enabled":true,"_links":{"self":[{"href":"https:\/\/encuentroinformativo.com.mx\/index.php?rest_route=\/wp\/v2\/posts\/40647","targetHints":{"allow":["GET"]}}],"collection":[{"href":"https:\/\/encuentroinformativo.com.mx\/index.php?rest_route=\/wp\/v2\/posts"}],"about":[{"href":"https:\/\/encuentroinformativo.com.mx\/index.php?rest_route=\/wp\/v2\/types\/post"}],"author":[{"embeddable":true,"href":"https:\/\/encuentroinformativo.com.mx\/index.php?rest_route=\/wp\/v2\/users\/2476"}],"replies":[{"embeddable":true,"href":"https:\/\/encuentroinformativo.com.mx\/index.php?rest_route=%2Fwp%2Fv2%2Fcomments&post=40647"}],"version-history":[{"count":1,"href":"https:\/\/encuentroinformativo.com.mx\/index.php?rest_route=\/wp\/v2\/posts\/40647\/revisions"}],"predecessor-version":[{"id":40650,"href":"https:\/\/encuentroinformativo.com.mx\/index.php?rest_route=\/wp\/v2\/posts\/40647\/revisions\/40650"}],"wp:featuredmedia":[{"embeddable":true,"href":"https:\/\/encuentroinformativo.com.mx\/index.php?rest_route=\/wp\/v2\/media\/40648"}],"wp:attachment":[{"href":"https:\/\/encuentroinformativo.com.mx\/index.php?rest_route=%2Fwp%2Fv2%2Fmedia&parent=40647"}],"wp:term":[{"taxonomy":"category","embeddable":true,"href":"https:\/\/encuentroinformativo.com.mx\/index.php?rest_route=%2Fwp%2Fv2%2Fcategories&post=40647"},{"taxonomy":"post_tag","embeddable":true,"href":"https:\/\/encuentroinformativo.com.mx\/index.php?rest_route=%2Fwp%2Fv2%2Ftags&post=40647"}],"curies":[{"name":"wp","href":"https:\/\/api.w.org\/{rel}","templated":true}]}}