{"id":40651,"date":"2023-05-15T13:19:25","date_gmt":"2023-05-15T19:19:25","guid":{"rendered":"https:\/\/encuentroinformativo.com.mx\/?p=40651"},"modified":"2023-05-15T13:19:25","modified_gmt":"2023-05-15T19:19:25","slug":"marcha-resistencia-veracruzana-para-acusar-presuntos-abusos-policiacos","status":"publish","type":"post","link":"https:\/\/encuentroinformativo.com.mx\/?p=40651","title":{"rendered":"Marcha Resistencia Veracruzana para acusar presuntos abusos polic\u00edacos"},"content":{"rendered":"\n<p><strong>Juan Arcos <\/strong><\/p>\n\n\n\n<p>Xalapa, Ver.- Integrantes de la Resistencia Veracruzana protestaron y marcharon en la zona centro de la ciudad de Xalapa para denunciar presuntos abusos por parte de elementos de la Secretar\u00eda de Seguridad P\u00fablica (SSP).<\/p>\n\n\n\n<p>Las personas se concentraron afuera del Teatro del Estado \u201cIgnacio de la Llave\u201d para despu\u00e9s caminar hacia la Torre de la SSP, donde bloquearon calles durante unos minutos.<\/p>\n\n\n\n<p>A la manifestaci\u00f3n se sumaron integran te a de esta organizaci\u00f3n, procedentes de Las Choapas, Poza Rica, Coatzacoalcos, Altotonga y la mayor\u00eda de la ciudad de Xalapa.<\/p>\n\n\n\n<p>Los quejosos denunciaron de manera an\u00f3nima que la polic\u00eda instala retenes ilegales en distintos puntos de la entidad y comete presuntas detenciones arbitrarias.<\/p>\n\n\n\n<p>Tambi\u00e9n exigieron a las autoridades estatales que cesen los presuntos abusos cometidos por parte de los servidores p\u00fablicos.<\/p>\n\n\n\n<p>Mencionaron que Resistencia Veracruzana va presentado 300 denuncias en la Fiscal\u00eda Anticorrupci\u00f3n por presuntos abusos policiales, mismas que no han procedido.<\/p>\n\n\n\n<p>Adem\u00e1s, indicaron que uno de los municipios donde hay m\u00e1s quejas por dicho motivo es Poza Rica, ubicado en la zona norte de Veracruz.<\/p>\n","protected":false},"excerpt":{"rendered":"<p>Juan Arcos Xalapa, Ver.- Integrantes de la Resistencia Veracruzana protestaron y marcharon en la zona centro de la ciudad de Xalapa para denunciar presuntos abusos por parte de elementos de la Secretar\u00eda de Seguridad P\u00fablica (SSP). Las personas se concentraron afuera del Teatro del Estado \u201cIgnacio de la Llave\u201d para despu\u00e9s caminar hacia la Torre [&hellip;]<\/p>\n","protected":false},"author":2476,"featured_media":40652,"comment_status":"open","ping_status":"open","sticky":false,"template":"","format":"standard","meta":{"_jetpack_memberships_contains_paid_content":false,"footnotes":""},"categories":[2],"tags":[],"class_list":["post-40651","post","type-post","status-publish","format-standard","has-post-thumbnail","hentry","category-estado"],"jetpack_featured_media_url":"https:\/\/encuentroinformativo.com.mx\/wp-content\/uploads\/2023\/05\/IMG_2853.jpg","jetpack_sharing_enabled":true,"jetpack_likes_enabled":true,"amp_enabled":true,"_links":{"self":[{"href":"https:\/\/encuentroinformativo.com.mx\/index.php?rest_route=\/wp\/v2\/posts\/40651","targetHints":{"allow":["GET"]}}],"collection":[{"href":"https:\/\/encuentroinformativo.com.mx\/index.php?rest_route=\/wp\/v2\/posts"}],"about":[{"href":"https:\/\/encuentroinformativo.com.mx\/index.php?rest_route=\/wp\/v2\/types\/post"}],"author":[{"embeddable":true,"href":"https:\/\/encuentroinformativo.com.mx\/index.php?rest_route=\/wp\/v2\/users\/2476"}],"replies":[{"embeddable":true,"href":"https:\/\/encuentroinformativo.com.mx\/index.php?rest_route=%2Fwp%2Fv2%2Fcomments&post=40651"}],"version-history":[{"count":2,"href":"https:\/\/encuentroinformativo.com.mx\/index.php?rest_route=\/wp\/v2\/posts\/40651\/revisions"}],"predecessor-version":[{"id":40654,"href":"https:\/\/encuentroinformativo.com.mx\/index.php?rest_route=\/wp\/v2\/posts\/40651\/revisions\/40654"}],"wp:featuredmedia":[{"embeddable":true,"href":"https:\/\/encuentroinformativo.com.mx\/index.php?rest_route=\/wp\/v2\/media\/40652"}],"wp:attachment":[{"href":"https:\/\/encuentroinformativo.com.mx\/index.php?rest_route=%2Fwp%2Fv2%2Fmedia&parent=40651"}],"wp:term":[{"taxonomy":"category","embeddable":true,"href":"https:\/\/encuentroinformativo.com.mx\/index.php?rest_route=%2Fwp%2Fv2%2Fcategories&post=40651"},{"taxonomy":"post_tag","embeddable":true,"href":"https:\/\/encuentroinformativo.com.mx\/index.php?rest_route=%2Fwp%2Fv2%2Ftags&post=40651"}],"curies":[{"name":"wp","href":"https:\/\/api.w.org\/{rel}","templated":true}]}}