{"id":40660,"date":"2023-05-15T10:19:24","date_gmt":"2023-05-15T16:19:24","guid":{"rendered":"https:\/\/encuentroinformativo.com.mx\/?p=40660"},"modified":"2023-05-15T14:21:59","modified_gmt":"2023-05-15T20:21:59","slug":"congreso-de-veracruz-tendra-foro-sobre-movilidad-y-seguridad-vial","status":"publish","type":"post","link":"https:\/\/encuentroinformativo.com.mx\/?p=40660","title":{"rendered":"Congreso de Veracruz tendr\u00e1 Foro sobre Movilidad y Seguridad Vial"},"content":{"rendered":"\n<p><strong>Alejandro \u00c1vila<\/strong><\/p>\n\n\n\n<p>Veracruz, Ver.- Del 16 al 19 de mayo se llevar\u00e1 a cabo en el Congreso de Veracruz el Foro sobre Movilidad y Seguridad Vial, inform\u00f3 el diputado local, Juan Enrique Santos Mendoza.<\/p>\n\n\n\n<p>El objetivo principal de este evento es cuidar la vida y contar con condiciones de seguridad, accesibilidad, eficiencia, sostenibilidad, inclusi\u00f3n y calidad en la movilidad.<\/p>\n\n\n\n<p>El legislador se\u00f1al\u00f3 que, se tomar\u00e1n en cuenta todas las voces involucradas en la movilidad de Veracruz, incluyendo a especialistas, autoridades de los tres niveles, transportistas, sindicatos y organizaciones civiles no gubernamentales.&nbsp;<\/p>\n\n\n\n<p>El evento se llevar\u00e1 a cabo en el auditorio &#8220;Sebasti\u00e1n Lerdo de Tejada&#8221; y se ofrecer\u00e1n talleres, charlas y conferencias a partir de las 10 horas.<\/p>\n\n\n\n<p>Entre las actividades programadas se encuentran conferencias y cursos sobre el transporte p\u00fablico y la movilidad veracruzana, educaci\u00f3n y cultura vial en la sociedad veracruzana, as\u00ed como la movilidad municipal sustentable e inclusiva.&nbsp;<\/p>\n\n\n\n<p>Adem\u00e1s, se contar\u00e1 con el respaldo de diversas entidades como el Consejo Estatal para la Prevenci\u00f3n de Accidentes, Consejo Estatal de Personas con Discapacidad, Secretar\u00eda de Protecci\u00f3n Civil, de Infraestructura y Obras P\u00fablicas, de Comunicaciones y Transportes, de Educaci\u00f3n de Veracruz, de Finanzas y Planeaci\u00f3n, y de Salud, la Universidad Veracruzana, CANACAR, CATEM y empresas como Constellation Brands.<\/p>\n","protected":false},"excerpt":{"rendered":"<p>Alejandro \u00c1vila Veracruz, Ver.- Del 16 al 19 de mayo se llevar\u00e1 a cabo en el Congreso de Veracruz el Foro sobre Movilidad y Seguridad Vial, inform\u00f3 el diputado local, Juan Enrique Santos Mendoza. El objetivo principal de este evento es cuidar la vida y contar con condiciones de seguridad, accesibilidad, eficiencia, sostenibilidad, inclusi\u00f3n y [&hellip;]<\/p>\n","protected":false},"author":2476,"featured_media":40661,"comment_status":"open","ping_status":"open","sticky":false,"template":"","format":"standard","meta":{"_jetpack_memberships_contains_paid_content":false,"footnotes":""},"categories":[2],"tags":[],"class_list":["post-40660","post","type-post","status-publish","format-standard","has-post-thumbnail","hentry","category-estado"],"jetpack_featured_media_url":"https:\/\/encuentroinformativo.com.mx\/wp-content\/uploads\/2023\/05\/IMG-20230515-WA00672.jpg","jetpack_sharing_enabled":true,"jetpack_likes_enabled":true,"amp_enabled":true,"_links":{"self":[{"href":"https:\/\/encuentroinformativo.com.mx\/index.php?rest_route=\/wp\/v2\/posts\/40660","targetHints":{"allow":["GET"]}}],"collection":[{"href":"https:\/\/encuentroinformativo.com.mx\/index.php?rest_route=\/wp\/v2\/posts"}],"about":[{"href":"https:\/\/encuentroinformativo.com.mx\/index.php?rest_route=\/wp\/v2\/types\/post"}],"author":[{"embeddable":true,"href":"https:\/\/encuentroinformativo.com.mx\/index.php?rest_route=\/wp\/v2\/users\/2476"}],"replies":[{"embeddable":true,"href":"https:\/\/encuentroinformativo.com.mx\/index.php?rest_route=%2Fwp%2Fv2%2Fcomments&post=40660"}],"version-history":[{"count":1,"href":"https:\/\/encuentroinformativo.com.mx\/index.php?rest_route=\/wp\/v2\/posts\/40660\/revisions"}],"predecessor-version":[{"id":40662,"href":"https:\/\/encuentroinformativo.com.mx\/index.php?rest_route=\/wp\/v2\/posts\/40660\/revisions\/40662"}],"wp:featuredmedia":[{"embeddable":true,"href":"https:\/\/encuentroinformativo.com.mx\/index.php?rest_route=\/wp\/v2\/media\/40661"}],"wp:attachment":[{"href":"https:\/\/encuentroinformativo.com.mx\/index.php?rest_route=%2Fwp%2Fv2%2Fmedia&parent=40660"}],"wp:term":[{"taxonomy":"category","embeddable":true,"href":"https:\/\/encuentroinformativo.com.mx\/index.php?rest_route=%2Fwp%2Fv2%2Fcategories&post=40660"},{"taxonomy":"post_tag","embeddable":true,"href":"https:\/\/encuentroinformativo.com.mx\/index.php?rest_route=%2Fwp%2Fv2%2Ftags&post=40660"}],"curies":[{"name":"wp","href":"https:\/\/api.w.org\/{rel}","templated":true}]}}