{"id":40663,"date":"2023-05-15T14:28:54","date_gmt":"2023-05-15T20:28:54","guid":{"rendered":"https:\/\/encuentroinformativo.com.mx\/?p=40663"},"modified":"2023-05-15T14:28:59","modified_gmt":"2023-05-15T20:28:59","slug":"hay-fosas-clandestinas-en-xalapa-afirman-colectivos","status":"publish","type":"post","link":"https:\/\/encuentroinformativo.com.mx\/?p=40663","title":{"rendered":"Hay fosas clandestinas en Xalapa, afirman Colectivos"},"content":{"rendered":"\n<p><strong>Juan Arcos <\/strong><\/p>\n\n\n\n<p>Xalapa, Ver.- Los colectivos de familiares de desaparecidos han hallado fosas clandestinas en la regi\u00f3n capital del estado de Veracruz.<\/p>\n\n\n\n<p>As\u00ed lo confirm\u00f3 Fabiola Pensado Barrera, integrante de varios colectivos de b\u00fasqueda, quien a\u00f1adi\u00f3 que los puntos no pueden revelarse por cuestiones de seguridad.<\/p>\n\n\n\n<p>\u201cS\u00ed, s\u00ed hay muchas (fosas clandestinas en la regi\u00f3n capital), solo que cada colectivo hace su trabajo, los que no hacen su trabajo es la Fiscal\u00eda porque est\u00e1n rebasados\u201d, expres\u00f3.<\/p>\n\n\n\n<p>Fabiola busca a su hijo Argenis Yosimar Pensado Barrera, quien est\u00e1 desaparecido desde el 16 de marzo de 2014, en Xalapa; sin embargo, a la fecha no hay avances en las investigaciones por parte de la Fiscal\u00eda General del Estado (FGE).<\/p>\n\n\n\n<p>Los colectivos continuar\u00e1n las b\u00fasquedas en el Centro de Estudios e Investigaci\u00f3n en Seguridad (CEIS), antes Academia Estatal de Polic\u00eda, ubicada en El Lencero, municipio de Emiliano Zapata.<\/p>\n\n\n\n<p>Tambi\u00e9n han llevado a cabo estas acciones en el parque de Las Alamedas, mejor conocido como \u201cparque del Huarache\u201d, en la colonia Indeco \u00c1nimas, pero tambi\u00e9n en otros puntos de la regi\u00f3n capital.<\/p>\n\n\n\n<p>Los familiares de desaparecidos, junto con autoridades, ampliar\u00e1n estos trabajos en la barranca La Aurora, donde han sido localizados restos humanos.<\/p>\n\n\n\n<p>Fabiola Pensado indic\u00f3 que la FGE carece de personal, ya que han hallado osamentas en fosas clandestinas, como en La Guapota, municipio de \u00darsulo Galv\u00e1n, pero la mayor\u00eda no han sido identificadas.<\/p>\n\n\n\n<p>\u201cTal s\u00f3lo en La Guapota, no se puede recuperar m\u00e1s de lo que se puede identificar\u201d, finaliz\u00f3 la activista.<\/p>\n","protected":false},"excerpt":{"rendered":"<p>Juan Arcos Xalapa, Ver.- Los colectivos de familiares de desaparecidos han hallado fosas clandestinas en la regi\u00f3n capital del estado de Veracruz. As\u00ed lo confirm\u00f3 Fabiola Pensado Barrera, integrante de varios colectivos de b\u00fasqueda, quien a\u00f1adi\u00f3 que los puntos no pueden revelarse por cuestiones de seguridad. \u201cS\u00ed, s\u00ed hay muchas (fosas clandestinas en la regi\u00f3n [&hellip;]<\/p>\n","protected":false},"author":2476,"featured_media":40664,"comment_status":"open","ping_status":"open","sticky":false,"template":"","format":"standard","meta":{"_jetpack_memberships_contains_paid_content":false,"footnotes":""},"categories":[3],"tags":[],"class_list":["post-40663","post","type-post","status-publish","format-standard","has-post-thumbnail","hentry","category-xalapa"],"jetpack_featured_media_url":"https:\/\/encuentroinformativo.com.mx\/wp-content\/uploads\/2023\/05\/IMG_2782.jpg","jetpack_sharing_enabled":true,"jetpack_likes_enabled":true,"amp_enabled":true,"_links":{"self":[{"href":"https:\/\/encuentroinformativo.com.mx\/index.php?rest_route=\/wp\/v2\/posts\/40663","targetHints":{"allow":["GET"]}}],"collection":[{"href":"https:\/\/encuentroinformativo.com.mx\/index.php?rest_route=\/wp\/v2\/posts"}],"about":[{"href":"https:\/\/encuentroinformativo.com.mx\/index.php?rest_route=\/wp\/v2\/types\/post"}],"author":[{"embeddable":true,"href":"https:\/\/encuentroinformativo.com.mx\/index.php?rest_route=\/wp\/v2\/users\/2476"}],"replies":[{"embeddable":true,"href":"https:\/\/encuentroinformativo.com.mx\/index.php?rest_route=%2Fwp%2Fv2%2Fcomments&post=40663"}],"version-history":[{"count":1,"href":"https:\/\/encuentroinformativo.com.mx\/index.php?rest_route=\/wp\/v2\/posts\/40663\/revisions"}],"predecessor-version":[{"id":40665,"href":"https:\/\/encuentroinformativo.com.mx\/index.php?rest_route=\/wp\/v2\/posts\/40663\/revisions\/40665"}],"wp:featuredmedia":[{"embeddable":true,"href":"https:\/\/encuentroinformativo.com.mx\/index.php?rest_route=\/wp\/v2\/media\/40664"}],"wp:attachment":[{"href":"https:\/\/encuentroinformativo.com.mx\/index.php?rest_route=%2Fwp%2Fv2%2Fmedia&parent=40663"}],"wp:term":[{"taxonomy":"category","embeddable":true,"href":"https:\/\/encuentroinformativo.com.mx\/index.php?rest_route=%2Fwp%2Fv2%2Fcategories&post=40663"},{"taxonomy":"post_tag","embeddable":true,"href":"https:\/\/encuentroinformativo.com.mx\/index.php?rest_route=%2Fwp%2Fv2%2Ftags&post=40663"}],"curies":[{"name":"wp","href":"https:\/\/api.w.org\/{rel}","templated":true}]}}