{"id":40666,"date":"2023-05-15T15:17:09","date_gmt":"2023-05-15T21:17:09","guid":{"rendered":"https:\/\/encuentroinformativo.com.mx\/?p=40666"},"modified":"2023-05-15T15:17:15","modified_gmt":"2023-05-15T21:17:15","slug":"se-resolvera-pago-del-seguro-del-magisterio-cuitlahuac-garcia","status":"publish","type":"post","link":"https:\/\/encuentroinformativo.com.mx\/?p=40666","title":{"rendered":"Se resolver\u00e1 pago del seguro del magisterio: Cuitl\u00e1huac Garc\u00eda"},"content":{"rendered":"\n<p><strong>Alejandro \u00c1vila<\/strong><\/p>\n\n\n\n<p>Veracruz, Ver.- El gobernador de Veracruz, Cuitl\u00e1huac Garc\u00eda Jim\u00e9nez, reconoci\u00f3 durante el festejo por el D\u00eda del Maestro que se tiene pendiente el tema del seguro del magisterio; y durante su discurso asegur\u00f3 que se resolver\u00e1 en lo que resta del 2023.<\/p>\n\n\n\n<p>El Ejecutivo estatal mencion\u00f3 que dio instrucciones al secretario de Finanzas y Planeaci\u00f3n, Jos\u00e9 Luis Lima Franco, para que se inicie con un programa de pago, comenzando por los docentes con mayor longevidad en la ense\u00f1anza educativa.<\/p>\n\n\n\n<p>&#8220;Si no se logran recursos en la Federaci\u00f3n, nos vamos a comprometer que este mismo a\u00f1o nos vamos con los de mayor antig\u00fcedad, vamos a empezar a pagarles. Ya instru\u00ed al secretario de Finanzas que vaya iniciando un plan de pago del seguro del magisterio&#8221;, destac\u00f3.<\/p>\n\n\n\n<p>Cuitl\u00e1huac Garc\u00eda, record\u00f3 que desde hace 10 a\u00f1os, se dej\u00f3 de pagar esta prestaci\u00f3n, y se vieron miles de maestros resultaron afectados.<\/p>\n\n\n\n<p>&#8220;Tenemos maestros, maestras que no est\u00e1n con nosotros, y desde hace 10 a\u00f1os no se ha cubierto el seguro institucional al que ten\u00edan derecho. Por ellos vamos a empezar&#8221;, culmin\u00f3.<\/p>\n","protected":false},"excerpt":{"rendered":"<p>Alejandro \u00c1vila Veracruz, Ver.- El gobernador de Veracruz, Cuitl\u00e1huac Garc\u00eda Jim\u00e9nez, reconoci\u00f3 durante el festejo por el D\u00eda del Maestro que se tiene pendiente el tema del seguro del magisterio; y durante su discurso asegur\u00f3 que se resolver\u00e1 en lo que resta del 2023. El Ejecutivo estatal mencion\u00f3 que dio instrucciones al secretario de Finanzas [&hellip;]<\/p>\n","protected":false},"author":2476,"featured_media":40667,"comment_status":"open","ping_status":"open","sticky":false,"template":"","format":"standard","meta":{"_jetpack_memberships_contains_paid_content":false,"footnotes":""},"categories":[2],"tags":[],"class_list":["post-40666","post","type-post","status-publish","format-standard","has-post-thumbnail","hentry","category-estado"],"jetpack_featured_media_url":"https:\/\/encuentroinformativo.com.mx\/wp-content\/uploads\/2023\/05\/IMG-20230515-WA00622.jpg","jetpack_sharing_enabled":true,"jetpack_likes_enabled":true,"amp_enabled":true,"_links":{"self":[{"href":"https:\/\/encuentroinformativo.com.mx\/index.php?rest_route=\/wp\/v2\/posts\/40666","targetHints":{"allow":["GET"]}}],"collection":[{"href":"https:\/\/encuentroinformativo.com.mx\/index.php?rest_route=\/wp\/v2\/posts"}],"about":[{"href":"https:\/\/encuentroinformativo.com.mx\/index.php?rest_route=\/wp\/v2\/types\/post"}],"author":[{"embeddable":true,"href":"https:\/\/encuentroinformativo.com.mx\/index.php?rest_route=\/wp\/v2\/users\/2476"}],"replies":[{"embeddable":true,"href":"https:\/\/encuentroinformativo.com.mx\/index.php?rest_route=%2Fwp%2Fv2%2Fcomments&post=40666"}],"version-history":[{"count":1,"href":"https:\/\/encuentroinformativo.com.mx\/index.php?rest_route=\/wp\/v2\/posts\/40666\/revisions"}],"predecessor-version":[{"id":40668,"href":"https:\/\/encuentroinformativo.com.mx\/index.php?rest_route=\/wp\/v2\/posts\/40666\/revisions\/40668"}],"wp:featuredmedia":[{"embeddable":true,"href":"https:\/\/encuentroinformativo.com.mx\/index.php?rest_route=\/wp\/v2\/media\/40667"}],"wp:attachment":[{"href":"https:\/\/encuentroinformativo.com.mx\/index.php?rest_route=%2Fwp%2Fv2%2Fmedia&parent=40666"}],"wp:term":[{"taxonomy":"category","embeddable":true,"href":"https:\/\/encuentroinformativo.com.mx\/index.php?rest_route=%2Fwp%2Fv2%2Fcategories&post=40666"},{"taxonomy":"post_tag","embeddable":true,"href":"https:\/\/encuentroinformativo.com.mx\/index.php?rest_route=%2Fwp%2Fv2%2Ftags&post=40666"}],"curies":[{"name":"wp","href":"https:\/\/api.w.org\/{rel}","templated":true}]}}