{"id":4067,"date":"2020-07-13T17:38:55","date_gmt":"2020-07-13T22:38:55","guid":{"rendered":"https:\/\/encuentroinformativo.com\/?p=4067"},"modified":"2020-07-13T17:38:58","modified_gmt":"2020-07-13T22:38:58","slug":"desconocen-tradiciones-quienes-salieron-a-las-calles-cencerro","status":"publish","type":"post","link":"https:\/\/encuentroinformativo.com.mx\/?p=4067","title":{"rendered":"Desconocen tradiciones quienes salieron a las calles: Cencerro"},"content":{"rendered":"\n<p><strong>Juan Arcos <\/strong><\/p>\n\n\n\n<p>Xico, Ver.- Leandro Alem\u00e1n es originario de Xico, forma parte de un grupo de cencerros y reprueba que algunas personas hayan salido a las calles, pese a la cancelaci\u00f3n de eventos masivos durante la fiesta patronal en honor a Santa Mar\u00eda Magdalena.<\/p>\n\n\n\n<p>El joven de 30 a\u00f1os ha dedicado la mitad de su vida a las tradiciones del Pueblo M\u00e1gico, ubicado a 23 kil\u00f3metros de la capital del estado.<\/p>\n\n\n\n<p>Apenas el pasado jueves 9 de julio, la presidenta municipal Gloria Luz Galv\u00e1n Ordu\u00f1a anunci\u00f3 la cancelaci\u00f3n de los eventos socioculturales y art\u00edsticos por la pandemia del COVID-19.<\/p>\n\n\n\n<p>Sin embargo, cientos de personas desacataron dicha determinaci\u00f3n y realizaron la tradici\u00f3n \u201cnoche del cencerro\u201d, durante el s\u00e1bado, provocando aglomeraciones e incrementado el riesgo de contagio.<\/p>\n\n\n\n<p>Leandro Alem\u00e1n recuerda que la \u201cnoche del cencerro\u201d simula el arreo del ganado\u00a0y representa un ritual de alabanza a Santa Mar\u00eda Magdalena.<\/p>\n\n\n\n<p>Los cencerreros, como llaman a los participantes, se forman uno atr\u00e1s de otro en una sola l\u00ednea, posteriormente corren, saltan y hacen una reverencia con direcci\u00f3n al atrio de la iglesia, ubicado sobre la calle Miguel Hidalgo.<\/p>\n\n\n\n<p>Estas acciones se hab\u00edan realizado a\u00f1o tras a\u00f1o la noche previa a la b\u00fasqueda de la \u201cflor de cucharita\u201d, utilizada para adornar el arco floral instalado en la puerta principal de la iglesia Santa Mar\u00eda Magdalena, actividad que tambi\u00e9n hab\u00eda quedado suspendida por la contingencia sanitaria y por la semaforizaci\u00f3n en color rojo que ubica a Veracruz en m\u00e1ximo riesgo de contagio.<\/p>\n\n\n\n<p>\u201cLamentablemente muchos, hoy en d\u00eda, la juventud y los que no saben, lo toman como relajo, salir a hacer libertinaje. No va a haber arco floral, para ese d\u00eda va a haber otro tipo de evento donde no se convoca a gente. No ten\u00eda sentido salir a cencerrear porque no se iba a recoger la flor\u201d, enfatiz\u00f3.\u00a0<\/p>\n\n\n\n<p><\/p>\n\n\n\n<p><\/p>\n","protected":false},"excerpt":{"rendered":"<p>Juan Arcos Xico, Ver.- Leandro Alem\u00e1n es originario de Xico, forma parte de un grupo de cencerros y reprueba que algunas personas hayan salido a las calles, pese a la cancelaci\u00f3n de eventos masivos durante la fiesta patronal en honor a Santa Mar\u00eda Magdalena. El joven de 30 a\u00f1os ha dedicado la mitad de su [&hellip;]<\/p>\n","protected":false},"author":1,"featured_media":4068,"comment_status":"open","ping_status":"open","sticky":false,"template":"","format":"standard","meta":{"_jetpack_memberships_contains_paid_content":false,"footnotes":""},"categories":[8],"tags":[],"class_list":["post-4067","post","type-post","status-publish","format-standard","has-post-thumbnail","hentry","category-region"],"jetpack_featured_media_url":"https:\/\/encuentroinformativo.com.mx\/wp-content\/uploads\/2020\/07\/AA1A84D6-4E77-4589-AFCD-63F8BE8FA8B7.jpeg","jetpack_sharing_enabled":true,"jetpack_likes_enabled":true,"amp_enabled":true,"_links":{"self":[{"href":"https:\/\/encuentroinformativo.com.mx\/index.php?rest_route=\/wp\/v2\/posts\/4067","targetHints":{"allow":["GET"]}}],"collection":[{"href":"https:\/\/encuentroinformativo.com.mx\/index.php?rest_route=\/wp\/v2\/posts"}],"about":[{"href":"https:\/\/encuentroinformativo.com.mx\/index.php?rest_route=\/wp\/v2\/types\/post"}],"author":[{"embeddable":true,"href":"https:\/\/encuentroinformativo.com.mx\/index.php?rest_route=\/wp\/v2\/users\/1"}],"replies":[{"embeddable":true,"href":"https:\/\/encuentroinformativo.com.mx\/index.php?rest_route=%2Fwp%2Fv2%2Fcomments&post=4067"}],"version-history":[{"count":1,"href":"https:\/\/encuentroinformativo.com.mx\/index.php?rest_route=\/wp\/v2\/posts\/4067\/revisions"}],"predecessor-version":[{"id":4069,"href":"https:\/\/encuentroinformativo.com.mx\/index.php?rest_route=\/wp\/v2\/posts\/4067\/revisions\/4069"}],"wp:featuredmedia":[{"embeddable":true,"href":"https:\/\/encuentroinformativo.com.mx\/index.php?rest_route=\/wp\/v2\/media\/4068"}],"wp:attachment":[{"href":"https:\/\/encuentroinformativo.com.mx\/index.php?rest_route=%2Fwp%2Fv2%2Fmedia&parent=4067"}],"wp:term":[{"taxonomy":"category","embeddable":true,"href":"https:\/\/encuentroinformativo.com.mx\/index.php?rest_route=%2Fwp%2Fv2%2Fcategories&post=4067"},{"taxonomy":"post_tag","embeddable":true,"href":"https:\/\/encuentroinformativo.com.mx\/index.php?rest_route=%2Fwp%2Fv2%2Ftags&post=4067"}],"curies":[{"name":"wp","href":"https:\/\/api.w.org\/{rel}","templated":true}]}}