{"id":40682,"date":"2023-05-16T09:38:41","date_gmt":"2023-05-16T15:38:41","guid":{"rendered":"https:\/\/encuentroinformativo.com.mx\/?p=40682"},"modified":"2023-05-16T09:38:50","modified_gmt":"2023-05-16T15:38:50","slug":"marlon-y-el-pri","status":"publish","type":"post","link":"https:\/\/encuentroinformativo.com.mx\/?p=40682","title":{"rendered":"MARLON Y EL PRI"},"content":{"rendered":"\n<p><strong>Los Pol\u00edticos<\/strong><\/p>\n\n\n\n<p><strong>Salvador Mu\u00f1oz<\/strong><\/p>\n\n\n\n<p>El PRI que me toca vivir a partir de poder ejercer mi derecho al voto, fue al que se vio en la parte m\u00e1s alta de la monta\u00f1a rusa de la pol\u00edtica\u2026 era 1988.<\/p>\n\n\n\n<p>A partir de esa fecha, el carro del PRI tiende a bajar, como un efecto natural en cualquier escenario que se viva\u2026 o en t\u00e9rminos m\u00e1s llanos: f\u00edsica\u2026 todo lo que sube, \u00a1tiende la ropa!<\/p>\n\n\n\n<p>A partir de esa fecha es que se empieza a percibir que adem\u00e1s del PRI, hab\u00eda otras opciones con figuras y liderazgos sumamente poderosos como el de Maqu\u00edo y Cuauht\u00e9moc\u2026 La oposici\u00f3n entonces avanz\u00f3 en el norte, ganando gubernaturas\u2026 Aqu\u00ed en Veracruz, el PAN asentaba sus reales en el Puerto, en la Joya de la Corona\u2026 Y luego, en el 2000, con el nacimiento de un nuevo siglo, M\u00e9xico dio paso a la alternancia en la Presidencia de nuestra Rep\u00fablica y para muchos, el PRI hab\u00eda muerto\u2026 Doce a\u00f1os despu\u00e9s, volvi\u00f3 a subir en su Monta\u00f1a Rusa pol\u00edtica para volver a bajar\u2026 S\u00ed, quiz\u00e1s est\u00e9 en la parte m\u00e1s baja de esa estructura met\u00e1lica, pero con la entrevista que hace unos d\u00edas <a href=\"https:\/\/www.facebook.com\/106588238974747\/videos\/243408188275453\/\" target=\"_blank\" rel=\"noreferrer noopener\">Luis Dom\u00ednguez, de NV Periodismo de Investigaci\u00f3n<\/a>, le hiciera a Marlon Ram\u00edrez Mar\u00edn, presidente del PRI estatal de Veracruz, me deja en claro varias cosas, y la principal de ellas es que hay conciencia plena por parte del pri\u00edsmo veracruzano del lugar en que se encuentra el otrora partidazo, y m\u00e1s claridad hay del objetivo inmediato una vez que tocaron fondo: el \u00fanico camino que se tiene: para arriba.<\/p>\n\n\n\n<p>No s\u00e9 cu\u00e1ntos dirigentes estatales de partido han pasado desde que se pierde la gubernatura en Veracruz, pero estoy seguro que en ese lapso, el \u00fanico que ha empezado y concluido su periodo es Marlon, quien en dicha entrevista habla de la crisis que provoc\u00f3 una generaci\u00f3n anterior al priismo que le toca dirigir\u2026 No comparto mucho esa idea. Considero que quiz\u00e1s Pe\u00f1a Nieto, Zedillo, por hablar de lo nacional; o Duarte, Fidel Herrera y Miguel Alem\u00e1n, por hablar de lo local, fueron las piedritas que llenaron el buche de una sociedad que le toc\u00f3 vivir los gobiernos de un Alem\u00e1n Valdez, D\u00edaz Ordaz o Salinas de Gortari\u2026 si observamos, se ver\u00e1 que hablamos algunos presidentes y algunos gobernadores del PRI con todo y sus gabinetes, pero los suficientes para satanizar al partido.<\/p>\n\n\n\n<p>Al PRI de Marlon le toca una renovaci\u00f3n total en donde hay de dos:<\/p>\n\n\n\n<p>Los que se salieron porque ya no vieron veta que explotar en el partido que de un modo u otro, les dio oportunidad, a unos m\u00e1s a unos menos, y saltaron fuera del barco; los que se mantienen&nbsp; contracorriente pero que les est\u00e1 costando entender la nueva din\u00e1mica que los tiempos pol\u00edticos, sociales y hasta tecnol\u00f3gicos exigen, porque de un modo u otro, siguen anclados en ese placebo nost\u00e1lgico de que \u201ctodo tiempo pasado, fue anterior\u201d.<\/p>\n\n\n\n<p>Al PRI de Marlon muchos lo dan por muerto, incluso al interior del mismo, pero son \u00e9stos los que de manera velada o en abierto, aspiran a ocupar la dirigencia que hoy ocupa el jarocho, a tal grado que f\u00e1cilmente hay unos cinco suspirantes a ocupar las oficinas de Ruiz Cortines y Francisco Moreno.<\/p>\n\n\n\n<p>El ser Oposici\u00f3n le dio oportunidad al PRI de volver a las bases, de escuchar al pueblo, de atenderlo, y al menos en las figuras de Arianna, Anil\u00fa y Marlon, se ve al priismo combativo, cr\u00edtico y siendo voz de la gente, faceta que no se le conoc\u00eda. Dice Luis Dom\u00ednguez que a pesar de que alzan la voz, pareciera que no pasa nada, a lo que responde Marlon: No se ve que pase nada, pero s\u00ed est\u00e1 pasando. S\u00ed, Marlon ha entendido que el papel de Oposici\u00f3n y m\u00e1s en la condici\u00f3n del partido, es una labor de hormiguita, de constancia y tenacidad\u2026<\/p>\n\n\n\n<p>Hoy le toca estar abajo al PRI, s\u00ed, como en su momento le toc\u00f3 al PAN, al PRD, y a los de reciente creaci\u00f3n como Movimiento Ciudadano y el mismo Morena. Est\u00e1 en tiempo de posicionarse ante la sociedad como una opci\u00f3n, con rostros frescos que sean acompa\u00f1ados por rostros de experiencia; concatenarlos\u2026&nbsp;<\/p>\n\n\n\n<p>La tarea no es f\u00e1cil, ni ser\u00e1 de un a\u00f1o, ni de una dirigencia\u2026 pero tampoco ser\u00e1 de un solo hombre\u2026 algo que percibo en la entrevista de Marlon es que el PRI es un partido que sobrevivi\u00f3 al PAN del 2000 y estoy seguro que lo har\u00e1 con el Morena del momento, porque est\u00e1 demostrado que si hay alguien que puede destruir al PRI son los mismos pri\u00edstas que adentro, ven todo bonito; una vez afuera, todo est\u00e1 podrido\u2026<\/p>\n","protected":false},"excerpt":{"rendered":"<p>Los Pol\u00edticos Salvador Mu\u00f1oz El PRI que me toca vivir a partir de poder ejercer mi derecho al voto, fue al que se vio en la parte m\u00e1s alta de la monta\u00f1a rusa de la pol\u00edtica\u2026 era 1988. A partir de esa fecha, el carro del PRI tiende a bajar, como un efecto natural en [&hellip;]<\/p>\n","protected":false},"author":2476,"featured_media":387,"comment_status":"open","ping_status":"open","sticky":false,"template":"","format":"standard","meta":{"_jetpack_memberships_contains_paid_content":false,"footnotes":""},"categories":[11],"tags":[],"class_list":["post-40682","post","type-post","status-publish","format-standard","has-post-thumbnail","hentry","category-opinion"],"jetpack_featured_media_url":"https:\/\/encuentroinformativo.com.mx\/wp-content\/uploads\/2020\/03\/7CF8A22B-2764-47BE-8F7F-38FE9E5D6A2F.jpeg","jetpack_sharing_enabled":true,"jetpack_likes_enabled":true,"amp_enabled":true,"_links":{"self":[{"href":"https:\/\/encuentroinformativo.com.mx\/index.php?rest_route=\/wp\/v2\/posts\/40682","targetHints":{"allow":["GET"]}}],"collection":[{"href":"https:\/\/encuentroinformativo.com.mx\/index.php?rest_route=\/wp\/v2\/posts"}],"about":[{"href":"https:\/\/encuentroinformativo.com.mx\/index.php?rest_route=\/wp\/v2\/types\/post"}],"author":[{"embeddable":true,"href":"https:\/\/encuentroinformativo.com.mx\/index.php?rest_route=\/wp\/v2\/users\/2476"}],"replies":[{"embeddable":true,"href":"https:\/\/encuentroinformativo.com.mx\/index.php?rest_route=%2Fwp%2Fv2%2Fcomments&post=40682"}],"version-history":[{"count":1,"href":"https:\/\/encuentroinformativo.com.mx\/index.php?rest_route=\/wp\/v2\/posts\/40682\/revisions"}],"predecessor-version":[{"id":40683,"href":"https:\/\/encuentroinformativo.com.mx\/index.php?rest_route=\/wp\/v2\/posts\/40682\/revisions\/40683"}],"wp:featuredmedia":[{"embeddable":true,"href":"https:\/\/encuentroinformativo.com.mx\/index.php?rest_route=\/wp\/v2\/media\/387"}],"wp:attachment":[{"href":"https:\/\/encuentroinformativo.com.mx\/index.php?rest_route=%2Fwp%2Fv2%2Fmedia&parent=40682"}],"wp:term":[{"taxonomy":"category","embeddable":true,"href":"https:\/\/encuentroinformativo.com.mx\/index.php?rest_route=%2Fwp%2Fv2%2Fcategories&post=40682"},{"taxonomy":"post_tag","embeddable":true,"href":"https:\/\/encuentroinformativo.com.mx\/index.php?rest_route=%2Fwp%2Fv2%2Ftags&post=40682"}],"curies":[{"name":"wp","href":"https:\/\/api.w.org\/{rel}","templated":true}]}}