{"id":40699,"date":"2023-05-16T13:32:16","date_gmt":"2023-05-16T19:32:16","guid":{"rendered":"https:\/\/encuentroinformativo.com.mx\/?p=40699"},"modified":"2023-05-16T13:32:20","modified_gmt":"2023-05-16T19:32:20","slug":"para-evitar-duplicidad-taxistas-reclaman-revista-vehicular","status":"publish","type":"post","link":"https:\/\/encuentroinformativo.com.mx\/?p=40699","title":{"rendered":"Para evitar duplicidad, taxistas reclaman revista vehicular"},"content":{"rendered":"\n<p><strong>Dar\u00edo Pale <\/strong><\/p>\n\n\n\n<p>Xalapa, Ver.- Ante duplicidad de n\u00fameros, el Sindicato Independiente de Taxistas y Anexos del Estado de Veracruz (SITAEV), se pronuncio a favor de la revista vehicular, ya que el \u00a0objetivo tambi\u00e9n es evitar que las unidades las usen los delincuentes, as\u00ed lo se\u00f1al\u00f3 la dirigente de dicho sindicato Evelia S\u00e1nchez Morales.<\/p>\n\n\n\n<p>En conferencia de prensa se pronunci\u00f3 a favor de la revista vehicular ante irregularidades como la duplicidad de n\u00fameros econ\u00f3micos y para que no haya casos de delincuencia, &#8220;nosotros somos taxistas ya viejos en este menester, por eso venimos solicitando la revista vehicular para que no haya delincuencia&#8221;.<\/p>\n\n\n\n<p>En ese sentido, dijo que al ser un gran n\u00famero de unidades, las autoridades no se percatan de la duplicidad de n\u00fameros, pero con la revista vehicular se evita esta situaci\u00f3n y que est\u00e9n en regla.\u00a0<\/p>\n\n\n\n<p>&#8220;Que haya un orden en el ordenamiento vehicular, ah\u00ed se ver\u00e1 qui\u00e9n est\u00e1 duplicando los n\u00fameros y qui\u00e9n no, y quienes somos aut\u00e9nticos trabajadores&#8221;, se\u00f1al\u00f3.<\/p>\n\n\n\n<p>Adem\u00e1s, coment\u00f3 que ante la exigencia de las autoridades para cambiar unidades, que se revise las que sean muy antiguas y que esas s\u00ed se cambien.\u00a0<\/p>\n\n\n\n<p>&#8220;Nos est\u00e1n exigiendo cambiar unidades, pero habemos taxistas de muchos a\u00f1os, con mucha antig\u00fcedad que vamos viendo las necesidades de las unidades y les damos su mantenimiento&#8221;, coment\u00f3.<\/p>\n\n\n\n<p>Al respecto, indic\u00f3 que coadyuvan con el gobierno, con las autoridades que los han esperado tras la crisis generada por el coronavirus.\u00a0<\/p>\n\n\n\n<p>&#8220;Venimos de un rezago de pandemia, no hay econom\u00eda como para embarcarnos y \u00a0 comprar una unidad nueva, no tenemos la misma capacidad&#8221;, dijo en la conferencia.<\/p>\n\n\n\n<p>Por ello, le piden a las autoridades que los ayuden con la autorizaci\u00f3n de autofinanciamientos.\u00a0<\/p>\n\n\n\n<p>Finalmente coment\u00f3 que, &#8220;nosotros tambi\u00e9n somos pueblo, somos un buen sector, as\u00ed como apoyan a la ciudadan\u00eda, que tambi\u00e9n nos apoyen a nosotros, estamos muy vulnerables en todos los aspectos&#8221;.<\/p>\n","protected":false},"excerpt":{"rendered":"<p>Dar\u00edo Pale Xalapa, Ver.- Ante duplicidad de n\u00fameros, el Sindicato Independiente de Taxistas y Anexos del Estado de Veracruz (SITAEV), se pronuncio a favor de la revista vehicular, ya que el \u00a0objetivo tambi\u00e9n es evitar que las unidades las usen los delincuentes, as\u00ed lo se\u00f1al\u00f3 la dirigente de dicho sindicato Evelia S\u00e1nchez Morales. En conferencia [&hellip;]<\/p>\n","protected":false},"author":2476,"featured_media":40700,"comment_status":"open","ping_status":"open","sticky":false,"template":"","format":"standard","meta":{"_jetpack_memberships_contains_paid_content":false,"footnotes":""},"categories":[2],"tags":[],"class_list":["post-40699","post","type-post","status-publish","format-standard","has-post-thumbnail","hentry","category-estado"],"jetpack_featured_media_url":"https:\/\/encuentroinformativo.com.mx\/wp-content\/uploads\/2023\/05\/IMG-20230516-WA0050.jpg","jetpack_sharing_enabled":true,"jetpack_likes_enabled":true,"amp_enabled":true,"_links":{"self":[{"href":"https:\/\/encuentroinformativo.com.mx\/index.php?rest_route=\/wp\/v2\/posts\/40699","targetHints":{"allow":["GET"]}}],"collection":[{"href":"https:\/\/encuentroinformativo.com.mx\/index.php?rest_route=\/wp\/v2\/posts"}],"about":[{"href":"https:\/\/encuentroinformativo.com.mx\/index.php?rest_route=\/wp\/v2\/types\/post"}],"author":[{"embeddable":true,"href":"https:\/\/encuentroinformativo.com.mx\/index.php?rest_route=\/wp\/v2\/users\/2476"}],"replies":[{"embeddable":true,"href":"https:\/\/encuentroinformativo.com.mx\/index.php?rest_route=%2Fwp%2Fv2%2Fcomments&post=40699"}],"version-history":[{"count":1,"href":"https:\/\/encuentroinformativo.com.mx\/index.php?rest_route=\/wp\/v2\/posts\/40699\/revisions"}],"predecessor-version":[{"id":40701,"href":"https:\/\/encuentroinformativo.com.mx\/index.php?rest_route=\/wp\/v2\/posts\/40699\/revisions\/40701"}],"wp:featuredmedia":[{"embeddable":true,"href":"https:\/\/encuentroinformativo.com.mx\/index.php?rest_route=\/wp\/v2\/media\/40700"}],"wp:attachment":[{"href":"https:\/\/encuentroinformativo.com.mx\/index.php?rest_route=%2Fwp%2Fv2%2Fmedia&parent=40699"}],"wp:term":[{"taxonomy":"category","embeddable":true,"href":"https:\/\/encuentroinformativo.com.mx\/index.php?rest_route=%2Fwp%2Fv2%2Fcategories&post=40699"},{"taxonomy":"post_tag","embeddable":true,"href":"https:\/\/encuentroinformativo.com.mx\/index.php?rest_route=%2Fwp%2Fv2%2Ftags&post=40699"}],"curies":[{"name":"wp","href":"https:\/\/api.w.org\/{rel}","templated":true}]}}