{"id":4070,"date":"2020-07-14T09:27:02","date_gmt":"2020-07-14T14:27:02","guid":{"rendered":"https:\/\/encuentroinformativo.com\/?p=4070"},"modified":"2020-07-14T09:27:05","modified_gmt":"2020-07-14T14:27:05","slug":"xalapa-no-florece","status":"publish","type":"post","link":"https:\/\/encuentroinformativo.com.mx\/?p=4070","title":{"rendered":"Xalapa no Florece"},"content":{"rendered":"\n<p><strong>Los Pol\u00edticos<\/strong><\/p>\n\n\n\n<p><strong>Salvador Mu\u00f1oz<\/strong><\/p>\n\n\n\n<p>La Mujer por la ventana alcanza a ver al personal de Limpia P\u00fablica recogiendo la basura de los contenedores con la siguiente sentencia: \u201cNo traen cubrebocas\u2026\u201d, pero con un dejo de pena\u2026 y si bien, no traen este aditamento tan mencionado en este tiempo de Emergencia Sanitaria, es tambi\u00e9n evidente que no traen guantes, zapato o ropa propia para su labor\u2026 blusas comunes, camisas comunes, pantal\u00f3n de mezclilla, tenis o mineros, \u00e9se es su \u201cuniforme\u201d\u2026 creo que cualquier ciudadano puede considerar que nuestros empleados de Limpia P\u00fablica est\u00e1n lejos de estar protegidos ya no tanto contra el Coronavirus, sino contra cualquier infecci\u00f3n, herida o lo que usted se pueda imaginar con el simple contacto con la basura.<\/p>\n\n\n\n<p>El diputado Juan Manuel de Unanue, a mediados de noviembre del 2019, present\u00f3 una iniciativa que no s\u00f3lo pretende dignificar a los trabajadores que prestan este servicio en los 212 municipios, sino protegerlos\u2026 \u00bfc\u00f3mo? proporcionando equipo industrial necesario que los cubra de las inclemencias del clima, polvo, infecciones, enfermedades, ca\u00eddas, cortes, residuos t\u00f3xicos, atropellamientos, golpes y s\u00ed, del Coronavirus\u2026 pero creo que la Iniciativa de Unanue est\u00e1 en \u201cla Congeladora\u201d\u2026<\/p>\n\n\n\n<p>Mi respeto a cada uno de esos trabajadores que ya sea d\u00eda con d\u00eda o eventualmente, como ocurre en mi barrio por tener Contenedor, siguen haciendo su labor\u2026 tratar de mantener limpia nuestra ciudad\u2026<\/p>\n\n\n\n<p>El contraste es con el \u00e1rea de parques, jardines y otros\u2026 acabo de regresar de Orizaba\u2026 sus parques est\u00e1n delimitados con una banda amarilla que restringe el acceso\u2026 no obstante, las \u00e1reas verdes est\u00e1n bien cuidadas, limpias, se nota el trabajo de jardiner\u00eda al cien por ciento\u2026 Lo mismo ocurre en C\u00f3rdoba\u2026 se nota el \u00e9nfasis de las autoridades municipales no s\u00f3lo por combatir la pandemia, sino por mantener impecable sus \u00e1reas verdes, sus parques, sus camellones\u2026 \u00a1vamos! \u00a1Tener limpia la casa! Y eso habla mucho de los alcaldes Igor Roj\u00ed y Leticia L\u00f3pez Landero\u2026 lo que no del edil de la capital veracruzana.<\/p>\n\n\n\n<p>Escucho una entrevista que Rams\u00e9s Yunes hace a Reynaldo Quirarte, due\u00f1o de hoteles y moteles en Xalapa, quien se lamentaba de la ocupaci\u00f3n hotelera entre el 1 y 3 por ciento en esta ciudad aunado al cierre hasta de hostales. Si bien entiende que la vocaci\u00f3n de la Atenas Veracruzana contrasta mucho con la de ciudades como Canc\u00fan o Veracruz (m\u00e1s cerca), el movimiento en la capital que es m\u00e1s por tr\u00e1mites, sean gubernamentales o de \u00edndole escolar, cay\u00f3, baj\u00f3, es casi nulo el flujo de visitantes\u2026<\/p>\n\n\n\n<p>Se entiende que este estatismo en Xalapa es producto de la emergencia sanitaria, de la pandemia, de la Covid\u2026 pero una ciudad que aspira a ser algo m\u00e1s que una \u201cOficina de Tr\u00e1mites\u201d y que tiene mucho para saltar al turismo de negocios, no puede verse abandonada\u2026 ah\u00ed es donde entra el \u00e1rea de Parques, Jardines y otros\u2026 o lo que es lo mismo, el alcalde Hip\u00f3lito Rodr\u00edguez Herrero. El hotelero Reynaldo Quirarte hace una observaci\u00f3n interesante a Rams\u00e9s Yunes\u2026 los camellones de la Ciudad, ya sea en L\u00e1zaro C\u00e1rdenas, Ruiz Cortines, Avenida Araucarias, \u00a1est\u00e1n para llorar! Yo le agrego los parques y las banquetas de varios puntos de este municipio. La yerba crece hasta metro y medio de altura; no hay flores, no hay jardines, los parques est\u00e1n llenos de maleza, \u201ctenemos un descuido de parte de nuestras autoridades que no hab\u00edamos vivido en la ciudad\u201d, dice Quirarte.<\/p>\n\n\n\n<p>Recuerdo que alguna de nuestras autoridades municipales pretext\u00f3 que un alto porcentaje de los jardineros del Ayuntamiento pertenec\u00edan al sector de riesgo para contraer el Coronavirus, y se est\u00e1 de acuerdo\u2026 es posible\u2026 lo que no entiendo es c\u00f3mo siendo que haya m\u00e1s exposici\u00f3n en los empleados de Limpia P\u00fablica, el servicio contin\u00fae y en el asunto de los Jardines y Parques, no haya cuadrillas trabajando para atender el abandono en que se encuentra la ciudad y que no s\u00f3lo \u201cafea\u201d el sentir de estar en la Ciudad de las Flores, sino que en algunos cruces, esa maleza, esas plantas crecidas, obstaculizan la visi\u00f3n de conductores&#8230; el ciudadano observador podr\u00e1 comparar algunos lugares de la Xalapa con alg\u00fan set de una pel\u00edcula apocal\u00edptica, por el abandono en que se ve la capital veracruzana.<\/p>\n\n\n\n<p>Ahora, en estos tiempos de crisis, con un 70 por ciento de los empleados parados en esta \u00e1rea, \u00bfpor qu\u00e9 no generar empleo temporal y dar oportunidad a xalape\u00f1os que se andan tronando los dedos por falta de un trabajo? \u00a1Ah, se me olvidaba! Es seguro que no se tenga un \u201ccolch\u00f3n\u201d porque si el alcalde es capaz de regresar millones de pesos a la Federaci\u00f3n por \u201cno utilizarlos\u201d, qu\u00e9 vamos a esperar que tenga una reserva para casos de emergencia como el que ahora se vive\u2026 creo que a cualquier xalape\u00f1o le queda claro una cosa: Xalapa no florece, \u00a1le crece la maleza!<br><\/p>\n\n\n\n<p><a href=\"mailto:smcainito@gmail.com\" target=\"_blank\" rel=\"noreferrer noopener\">smcainito@gmail.com<\/a><\/p>\n\n\n\n<p><\/p>\n","protected":false},"excerpt":{"rendered":"<p>Los Pol\u00edticos Salvador Mu\u00f1oz La Mujer por la ventana alcanza a ver al personal de Limpia P\u00fablica recogiendo la basura de los contenedores con la siguiente sentencia: \u201cNo traen cubrebocas\u2026\u201d, pero con un dejo de pena\u2026 y si bien, no traen este aditamento tan mencionado en este tiempo de Emergencia Sanitaria, es tambi\u00e9n evidente que [&hellip;]<\/p>\n","protected":false},"author":1,"featured_media":387,"comment_status":"open","ping_status":"open","sticky":false,"template":"","format":"standard","meta":{"_jetpack_memberships_contains_paid_content":false,"footnotes":""},"categories":[11],"tags":[],"class_list":["post-4070","post","type-post","status-publish","format-standard","has-post-thumbnail","hentry","category-opinion"],"jetpack_featured_media_url":"https:\/\/encuentroinformativo.com.mx\/wp-content\/uploads\/2020\/03\/7CF8A22B-2764-47BE-8F7F-38FE9E5D6A2F.jpeg","jetpack_sharing_enabled":true,"jetpack_likes_enabled":true,"amp_enabled":true,"_links":{"self":[{"href":"https:\/\/encuentroinformativo.com.mx\/index.php?rest_route=\/wp\/v2\/posts\/4070","targetHints":{"allow":["GET"]}}],"collection":[{"href":"https:\/\/encuentroinformativo.com.mx\/index.php?rest_route=\/wp\/v2\/posts"}],"about":[{"href":"https:\/\/encuentroinformativo.com.mx\/index.php?rest_route=\/wp\/v2\/types\/post"}],"author":[{"embeddable":true,"href":"https:\/\/encuentroinformativo.com.mx\/index.php?rest_route=\/wp\/v2\/users\/1"}],"replies":[{"embeddable":true,"href":"https:\/\/encuentroinformativo.com.mx\/index.php?rest_route=%2Fwp%2Fv2%2Fcomments&post=4070"}],"version-history":[{"count":1,"href":"https:\/\/encuentroinformativo.com.mx\/index.php?rest_route=\/wp\/v2\/posts\/4070\/revisions"}],"predecessor-version":[{"id":4071,"href":"https:\/\/encuentroinformativo.com.mx\/index.php?rest_route=\/wp\/v2\/posts\/4070\/revisions\/4071"}],"wp:featuredmedia":[{"embeddable":true,"href":"https:\/\/encuentroinformativo.com.mx\/index.php?rest_route=\/wp\/v2\/media\/387"}],"wp:attachment":[{"href":"https:\/\/encuentroinformativo.com.mx\/index.php?rest_route=%2Fwp%2Fv2%2Fmedia&parent=4070"}],"wp:term":[{"taxonomy":"category","embeddable":true,"href":"https:\/\/encuentroinformativo.com.mx\/index.php?rest_route=%2Fwp%2Fv2%2Fcategories&post=4070"},{"taxonomy":"post_tag","embeddable":true,"href":"https:\/\/encuentroinformativo.com.mx\/index.php?rest_route=%2Fwp%2Fv2%2Ftags&post=4070"}],"curies":[{"name":"wp","href":"https:\/\/api.w.org\/{rel}","templated":true}]}}