{"id":40708,"date":"2023-05-16T15:34:17","date_gmt":"2023-05-16T21:34:17","guid":{"rendered":"https:\/\/encuentroinformativo.com.mx\/?p=40708"},"modified":"2023-05-16T15:34:21","modified_gmt":"2023-05-16T21:34:21","slug":"solo-operan-dos-de-ocho-garitas-en-aduana-de-veracruz","status":"publish","type":"post","link":"https:\/\/encuentroinformativo.com.mx\/?p=40708","title":{"rendered":"Solo operan dos de ocho garitas en Aduana de Veracruz"},"content":{"rendered":"\n<p><strong>Alejandro \u00c1vila<\/strong><\/p>\n\n\n\n<p>Veracruz, Ver.- Operadores de transporte de carga que bloquearon desde esta ma\u00f1ana la carretera federal Veracruz &#8211; Cardel a la altura del kil\u00f3metro 13.5, denunciaron que en la aduana de Veracruz s\u00f3lo funcionan dos de las ocho garitas que hay en el recinto portuario.<\/p>\n\n\n\n<p>Esta situaci\u00f3n, se\u00f1alan, genera largas filas y retrasos de hasta 12 horas, dejando a los operadores sin comer, dormir o poder ir al ba\u00f1o.<\/p>\n\n\n\n<p>&#8220;Empezaron con una garita, cerraron una garita hace como dos meses, despu\u00e9s cerraron otra, \u00bfqu\u00e9 nos espera?, \u00bfqu\u00e9 cierren otra?, \u00bfque nada m\u00e1s trabajamos con 2 garitas, para que siga haciendo la manifestaci\u00f3n?, eran ocho ahora nada m\u00e1s dos. Hab\u00eda un problema ah\u00ed con los vac\u00edos, los vac\u00edos salimos con el puro esqueleto, con el puro porta contenedor, antes sal\u00edamos por ac\u00e1, ahora nos mandan a dar la vuelta hasta CICE&nbsp; (\u2026) lo \u00fanico que puedo decir es que aqu\u00ed la gente no tiene criterio, son inhumanos, hay gente hipertensa, hay gente diab\u00e9tica, con estos colores normales que hay, \u00bfusted sabe c\u00f3mo es?, los agentes aduanales no tienen ning\u00fan criterio, son gente inhumana&#8221;, acus\u00f3 Daniel Osorio Rivera, operador de transporte de carga.<\/p>\n\n\n\n<p>Los transportistas tambi\u00e9n denunciaron que el personal de la Aduana de Veracruz los amenazaron con llamar a la Polic\u00eda Antimotines de la Secretar\u00eda de Marina, para que dejaran libre el acceso al Recinto Portuario de Veracruz.<\/p>\n\n\n\n<p>&#8220;Hay una persona que nos vino a ver y nos dijo que nos quit\u00e1ramos o iban a proceder, pero queremos di\u00e1logo&#8221;.<\/p>\n","protected":false},"excerpt":{"rendered":"<p>Alejandro \u00c1vila Veracruz, Ver.- Operadores de transporte de carga que bloquearon desde esta ma\u00f1ana la carretera federal Veracruz &#8211; Cardel a la altura del kil\u00f3metro 13.5, denunciaron que en la aduana de Veracruz s\u00f3lo funcionan dos de las ocho garitas que hay en el recinto portuario. Esta situaci\u00f3n, se\u00f1alan, genera largas filas y retrasos de [&hellip;]<\/p>\n","protected":false},"author":2476,"featured_media":40709,"comment_status":"open","ping_status":"open","sticky":false,"template":"","format":"standard","meta":{"_jetpack_memberships_contains_paid_content":false,"footnotes":""},"categories":[2],"tags":[],"class_list":["post-40708","post","type-post","status-publish","format-standard","has-post-thumbnail","hentry","category-estado"],"jetpack_featured_media_url":"https:\/\/encuentroinformativo.com.mx\/wp-content\/uploads\/2023\/05\/IMG-20230516-WA0087.jpg","jetpack_sharing_enabled":true,"jetpack_likes_enabled":true,"amp_enabled":true,"_links":{"self":[{"href":"https:\/\/encuentroinformativo.com.mx\/index.php?rest_route=\/wp\/v2\/posts\/40708","targetHints":{"allow":["GET"]}}],"collection":[{"href":"https:\/\/encuentroinformativo.com.mx\/index.php?rest_route=\/wp\/v2\/posts"}],"about":[{"href":"https:\/\/encuentroinformativo.com.mx\/index.php?rest_route=\/wp\/v2\/types\/post"}],"author":[{"embeddable":true,"href":"https:\/\/encuentroinformativo.com.mx\/index.php?rest_route=\/wp\/v2\/users\/2476"}],"replies":[{"embeddable":true,"href":"https:\/\/encuentroinformativo.com.mx\/index.php?rest_route=%2Fwp%2Fv2%2Fcomments&post=40708"}],"version-history":[{"count":1,"href":"https:\/\/encuentroinformativo.com.mx\/index.php?rest_route=\/wp\/v2\/posts\/40708\/revisions"}],"predecessor-version":[{"id":40710,"href":"https:\/\/encuentroinformativo.com.mx\/index.php?rest_route=\/wp\/v2\/posts\/40708\/revisions\/40710"}],"wp:featuredmedia":[{"embeddable":true,"href":"https:\/\/encuentroinformativo.com.mx\/index.php?rest_route=\/wp\/v2\/media\/40709"}],"wp:attachment":[{"href":"https:\/\/encuentroinformativo.com.mx\/index.php?rest_route=%2Fwp%2Fv2%2Fmedia&parent=40708"}],"wp:term":[{"taxonomy":"category","embeddable":true,"href":"https:\/\/encuentroinformativo.com.mx\/index.php?rest_route=%2Fwp%2Fv2%2Fcategories&post=40708"},{"taxonomy":"post_tag","embeddable":true,"href":"https:\/\/encuentroinformativo.com.mx\/index.php?rest_route=%2Fwp%2Fv2%2Ftags&post=40708"}],"curies":[{"name":"wp","href":"https:\/\/api.w.org\/{rel}","templated":true}]}}