{"id":40711,"date":"2023-05-16T15:37:28","date_gmt":"2023-05-16T21:37:28","guid":{"rendered":"https:\/\/encuentroinformativo.com.mx\/?p=40711"},"modified":"2023-05-16T15:37:32","modified_gmt":"2023-05-16T21:37:32","slug":"familia-de-lizbeth-pide-apoyo-para-poder-sepultarla","status":"publish","type":"post","link":"https:\/\/encuentroinformativo.com.mx\/?p=40711","title":{"rendered":"Familia de Lizbeth pide apoyo para poder sepultarla"},"content":{"rendered":"\n<p><strong>Alejandro \u00c1vila<\/strong><\/p>\n\n\n\n<p>Medell\u00edn de Bravo, Ver.- La familia de la joven, Lizbeth Vargas, quien fue v\u00edctima de feminicidio en el municipio de Medell\u00edn de Bravo, solicita el apoyo de la ciudadan\u00eda y autoridades para poder darle sepultura.<\/p>\n\n\n\n<p>El de mencionar que, la joven de 25 a\u00f1os fue encontrada sin vida este lunes 15 de mayo en la localidad &#8220;El Atrac\u00f3n&#8221; en el municipio de Medell\u00edn de Bravo, despu\u00e9s de 13 d\u00edas desaparecida.<\/p>\n\n\n\n<p>Los primeros informes se\u00f1alan a su expareja como el presunto responsable del femicidio; Lizbeth madre de dos ni\u00f1os, uno de tres y otro de 5 a\u00f1os, se dedicaba a vender postres y a poner u\u00f1as de acr\u00edlico.<\/p>\n\n\n\n<p>La familia se encuentra en esperan de que la Fiscal\u00eda General del Estado les entregue el cuerpo para velarlo y sepultarlo.<\/p>\n\n\n\n<p>&#8220;Era muy alegre, como pueden ver en su foto, as\u00ed andaba siempre, arreglada, muy guapa, no me esperaba esto, soy madre, soy hermana, abuelita, t\u00eda, es algo que no se espera, le quitaron una madre a dos peque\u00f1os, esa persona qu\u00e9 clase de coraz\u00f3n tiene para hacer algo as\u00ed. Que esto no quede as\u00ed, que se haga justicia&#8221;, dijo.&nbsp;<\/p>\n\n\n\n<p>Desde el 2 de mayo empezaron a movilizarse en la b\u00fasqueda de Lizbeth, aunque sospechan que habia desaparecido desde el 30 de abril, cuando dej\u00f3 de contestar mensajes.<\/p>\n\n\n\n<p>&#8220;Yo ten\u00eda la ilusi\u00f3n de ver un mensaje de que ya apareci\u00f3. Ella era muy trabajadora,vend\u00eda fresas con crema aqu\u00ed en el Tejar, vend\u00eda postres, ahorita ya pon\u00eda u\u00f1as tambi\u00e9n, dos hijos ten\u00eda&#8221;.&nbsp;<\/p>\n\n\n\n<p>De la ex pareja de Lizbeth y quien se sabe est\u00e1 detenido como presunto responsable de su asesinato, se\u00f1alan que los vecinos les comentaron que era agresivo y en los \u00faltimos d\u00edas ten\u00eda comportamientos extra\u00f1o.&nbsp;<\/p>\n\n\n\n<p>&#8220;Es algo muy triste, estamos pidiendo apoyo para ayudar a mi t\u00eda, a la familia&#8221;.&nbsp;<\/p>\n\n\n\n<p>El cuerpo de Lizbeth quien ser\u00e1 velada en la comunidad de El Moralillo, en Medell\u00edn de Bravo, fue localizado en un terreno propiedad de la familia de su ex pareja.&nbsp;<\/p>\n","protected":false},"excerpt":{"rendered":"<p>Alejandro \u00c1vila Medell\u00edn de Bravo, Ver.- La familia de la joven, Lizbeth Vargas, quien fue v\u00edctima de feminicidio en el municipio de Medell\u00edn de Bravo, solicita el apoyo de la ciudadan\u00eda y autoridades para poder darle sepultura. El de mencionar que, la joven de 25 a\u00f1os fue encontrada sin vida este lunes 15 de mayo [&hellip;]<\/p>\n","protected":false},"author":2476,"featured_media":40712,"comment_status":"open","ping_status":"open","sticky":false,"template":"","format":"standard","meta":{"_jetpack_memberships_contains_paid_content":false,"footnotes":""},"categories":[2],"tags":[],"class_list":["post-40711","post","type-post","status-publish","format-standard","has-post-thumbnail","hentry","category-estado"],"jetpack_featured_media_url":"https:\/\/encuentroinformativo.com.mx\/wp-content\/uploads\/2023\/05\/IMG-20230516-WA0088.jpg","jetpack_sharing_enabled":true,"jetpack_likes_enabled":true,"amp_enabled":true,"_links":{"self":[{"href":"https:\/\/encuentroinformativo.com.mx\/index.php?rest_route=\/wp\/v2\/posts\/40711","targetHints":{"allow":["GET"]}}],"collection":[{"href":"https:\/\/encuentroinformativo.com.mx\/index.php?rest_route=\/wp\/v2\/posts"}],"about":[{"href":"https:\/\/encuentroinformativo.com.mx\/index.php?rest_route=\/wp\/v2\/types\/post"}],"author":[{"embeddable":true,"href":"https:\/\/encuentroinformativo.com.mx\/index.php?rest_route=\/wp\/v2\/users\/2476"}],"replies":[{"embeddable":true,"href":"https:\/\/encuentroinformativo.com.mx\/index.php?rest_route=%2Fwp%2Fv2%2Fcomments&post=40711"}],"version-history":[{"count":1,"href":"https:\/\/encuentroinformativo.com.mx\/index.php?rest_route=\/wp\/v2\/posts\/40711\/revisions"}],"predecessor-version":[{"id":40713,"href":"https:\/\/encuentroinformativo.com.mx\/index.php?rest_route=\/wp\/v2\/posts\/40711\/revisions\/40713"}],"wp:featuredmedia":[{"embeddable":true,"href":"https:\/\/encuentroinformativo.com.mx\/index.php?rest_route=\/wp\/v2\/media\/40712"}],"wp:attachment":[{"href":"https:\/\/encuentroinformativo.com.mx\/index.php?rest_route=%2Fwp%2Fv2%2Fmedia&parent=40711"}],"wp:term":[{"taxonomy":"category","embeddable":true,"href":"https:\/\/encuentroinformativo.com.mx\/index.php?rest_route=%2Fwp%2Fv2%2Fcategories&post=40711"},{"taxonomy":"post_tag","embeddable":true,"href":"https:\/\/encuentroinformativo.com.mx\/index.php?rest_route=%2Fwp%2Fv2%2Ftags&post=40711"}],"curies":[{"name":"wp","href":"https:\/\/api.w.org\/{rel}","templated":true}]}}