{"id":40714,"date":"2023-05-16T15:44:08","date_gmt":"2023-05-16T21:44:08","guid":{"rendered":"https:\/\/encuentroinformativo.com.mx\/?p=40714"},"modified":"2023-05-16T15:44:40","modified_gmt":"2023-05-16T21:44:40","slug":"alistan-preparativos-para-escenario-de-salsa-fest-en-boca-del-rio","status":"publish","type":"post","link":"https:\/\/encuentroinformativo.com.mx\/?p=40714","title":{"rendered":"Alistan preparativos para escenario de Salsa Fest en Boca del R\u00edo"},"content":{"rendered":"\n<p><strong>Alejandro \u00c1vila<\/strong><\/p>\n\n\n\n<p>Boca del R\u00edo, Ver.- El secretario de Turismo de Veracruz, Iv\u00e1n Mart\u00ednez Olvera, confirm\u00f3 que ser\u00e1 el pr\u00f3ximo 24 de mayo cuando se iniciar\u00e1 con la instalaci\u00f3n del escenario que albergar\u00e1 a los artistas que participen en el Salsa Fest 2023.<\/p>\n\n\n\n<p>Este martes por la ma\u00f1ana, el funcionario estatal en compa\u00f1\u00eda del alcalde de Boca del R\u00edo, Juan Manuel Un\u00e1nue Abascal, realizaron un recorrido de supervisi\u00f3n en el bulevar &#8220;Vicente Fox&#8221;, espacio donde quedar\u00e1 instalado el Sals\u00f3dromo, la sede del Salsa Fest 2023 que se celebrar\u00e1 los d\u00edas 1, 2 y 3 de junio.&nbsp;<\/p>\n\n\n\n<p>Al recorrido se sumaron autoridades de dependencias estatales como Seguridad P\u00fablica, Secretar\u00eda de Salud, Jurisdicci\u00f3n Sanitaria n\u00famero VIII, Tr\u00e1nsito Estatal Protecci\u00f3n Civil, entre otras, mientas que de parte del ayuntamiento estuvieron presentes los representantes de areas como Gobernaci\u00f3n, Protecci\u00f3n Civil Municipal, Polic\u00eda Municipal y Comercio, por mencionar algunas.&nbsp;<\/p>\n\n\n\n<p>Iv\u00e1n Mart\u00ednez Olvera inform\u00f3 que esta fue la tercera reuni\u00f3n operativa que se lleva a cabo previo al inicio del evento de salsa.&nbsp;<\/p>\n\n\n\n<p>&#8220;Ver primero los puntos base, que las banquetas est\u00e9n en orden, las tomas de luz, donde se van a colocar algunas activaciones&#8221;.&nbsp;<\/p>\n\n\n\n<p>Asegur\u00f3 que existe plena coordinaci\u00f3n entre los tres niveles de gobierno para garantizar que el evento sea un \u00e9xito.&nbsp;<\/p>\n\n\n\n<p>&#8220;Salsa Fest es un exitazo, ya lo han dicho, no nosotros, sino los mismos talentos internacionales reconocid\u00edsimos a nivel mundial que es uno de los festivales o el festival m\u00e1s importante de Latino Am\u00e9rica&#8221;.&nbsp;<\/p>\n\n\n\n<p>Finalmente, el titular de la Secretar\u00eda de Turismo, Iv\u00e1n Mart\u00ednez Olvera, dio a conocer que a partir del 24 de mayo comenzar\u00e1 la instalaci\u00f3n de las estructuras que dar\u00e1n soporte al escenario y las gradas.&nbsp;<\/p>\n","protected":false},"excerpt":{"rendered":"<p>Alejandro \u00c1vila Boca del R\u00edo, Ver.- El secretario de Turismo de Veracruz, Iv\u00e1n Mart\u00ednez Olvera, confirm\u00f3 que ser\u00e1 el pr\u00f3ximo 24 de mayo cuando se iniciar\u00e1 con la instalaci\u00f3n del escenario que albergar\u00e1 a los artistas que participen en el Salsa Fest 2023. Este martes por la ma\u00f1ana, el funcionario estatal en compa\u00f1\u00eda del alcalde [&hellip;]<\/p>\n","protected":false},"author":2476,"featured_media":40715,"comment_status":"open","ping_status":"open","sticky":false,"template":"","format":"standard","meta":{"_jetpack_memberships_contains_paid_content":false,"footnotes":""},"categories":[2],"tags":[],"class_list":["post-40714","post","type-post","status-publish","format-standard","has-post-thumbnail","hentry","category-estado"],"jetpack_featured_media_url":"https:\/\/encuentroinformativo.com.mx\/wp-content\/uploads\/2023\/05\/IMG-20230516-WA0096.jpg","jetpack_sharing_enabled":true,"jetpack_likes_enabled":true,"amp_enabled":true,"_links":{"self":[{"href":"https:\/\/encuentroinformativo.com.mx\/index.php?rest_route=\/wp\/v2\/posts\/40714","targetHints":{"allow":["GET"]}}],"collection":[{"href":"https:\/\/encuentroinformativo.com.mx\/index.php?rest_route=\/wp\/v2\/posts"}],"about":[{"href":"https:\/\/encuentroinformativo.com.mx\/index.php?rest_route=\/wp\/v2\/types\/post"}],"author":[{"embeddable":true,"href":"https:\/\/encuentroinformativo.com.mx\/index.php?rest_route=\/wp\/v2\/users\/2476"}],"replies":[{"embeddable":true,"href":"https:\/\/encuentroinformativo.com.mx\/index.php?rest_route=%2Fwp%2Fv2%2Fcomments&post=40714"}],"version-history":[{"count":1,"href":"https:\/\/encuentroinformativo.com.mx\/index.php?rest_route=\/wp\/v2\/posts\/40714\/revisions"}],"predecessor-version":[{"id":40716,"href":"https:\/\/encuentroinformativo.com.mx\/index.php?rest_route=\/wp\/v2\/posts\/40714\/revisions\/40716"}],"wp:featuredmedia":[{"embeddable":true,"href":"https:\/\/encuentroinformativo.com.mx\/index.php?rest_route=\/wp\/v2\/media\/40715"}],"wp:attachment":[{"href":"https:\/\/encuentroinformativo.com.mx\/index.php?rest_route=%2Fwp%2Fv2%2Fmedia&parent=40714"}],"wp:term":[{"taxonomy":"category","embeddable":true,"href":"https:\/\/encuentroinformativo.com.mx\/index.php?rest_route=%2Fwp%2Fv2%2Fcategories&post=40714"},{"taxonomy":"post_tag","embeddable":true,"href":"https:\/\/encuentroinformativo.com.mx\/index.php?rest_route=%2Fwp%2Fv2%2Ftags&post=40714"}],"curies":[{"name":"wp","href":"https:\/\/api.w.org\/{rel}","templated":true}]}}