{"id":40728,"date":"2023-05-17T10:36:35","date_gmt":"2023-05-17T16:36:35","guid":{"rendered":"https:\/\/encuentroinformativo.com.mx\/?p=40728"},"modified":"2023-05-17T10:37:01","modified_gmt":"2023-05-17T16:37:01","slug":"publica-gaceta-oficial-exhorto-para-investigacion-a-urbanizadora-medellin","status":"publish","type":"post","link":"https:\/\/encuentroinformativo.com.mx\/?p=40728","title":{"rendered":"P\u00fablica Gaceta Oficial exhorto para investigaci\u00f3n a Urbanizadora Medell\u00edn"},"content":{"rendered":"\n<p><strong>Alejandro \u00c1vila<\/strong><\/p>\n\n\n\n<p>Medell\u00edn de Bravo, Ver.- El pasado lunes 15 de mayo la Gaceta Oficial del Estado de Veracruz p\u00fablico el exhorto a las dependencias estatales y federales para que investiguen a la empresa Urbanizadora Medell\u00edn, misma que administra el agua en los fraccionamientos Puente Moreno y Lagos de Puente Moreno el municipio de Medell\u00edn de Bravo.<\/p>\n\n\n\n<p>Finalmente entr\u00f3 en vigor el acuerdo tomado en el Congreso de Veracruz y que impuls\u00f3 el diputado local, Magdaleno Rosales Torres.<\/p>\n\n\n\n<p>Con ello, el \u00d3rgano de Fiscalizaci\u00f3n, Secretar\u00eda de Salud, Procuradur\u00eda de Medio Ambiente, Secretar\u00eda de Medio Ambiente, Comisi\u00f3n Nacional del Agua y el Ayuntamiento de Medell\u00edn, deber\u00e1n realizar una investigaci\u00f3n a la brevedad, e informar sobre la viabilidad y eficiencia del servicio de agua, drenaje, alcantarillado, saneamiento y disposici\u00f3n final de residuos en los fraccionamientos antes mencionados.<\/p>\n\n\n\n<p>&#8220;Con esto se le va a apretar un poco, no un poco, mucho a la Urbanizadora, para que tenga todo en regla y tambi\u00e9n deje de contaminar los arroyos. Es un tema que logramos el consenso, hemos estado insistiendo en este tema, hoy por hoy podemos presumirlo, ya est\u00e1 en la Gaceta Oficial, tienen que acatar todas esas instancias este exhorto, este punto de acuerdo, un punto de acuerdo para que se revise a fondo a Urbanizadora Medell\u00edn y el municipio de Medell\u00edn de Bravo&#8221;, agreg\u00f3 el diputado morenista Magdaleno Rosales Torres.<\/p>\n\n\n\n<p>Cabe recordar que el pasado 15 de abril el legislador del distrito XVII present\u00f3 ante el Congreso de Veracruz la solicitud de investigaci\u00f3n a la empresa Urbanizadora Medell\u00edn, debido a una serie de presuntos abusos como, cobros excesivos y cortes de agua injustificados, que le manifestaron vecinos de los fraccionamientos Puente Moreno y Lagos de Puente Moreno.<\/p>\n","protected":false},"excerpt":{"rendered":"<p>Alejandro \u00c1vila Medell\u00edn de Bravo, Ver.- El pasado lunes 15 de mayo la Gaceta Oficial del Estado de Veracruz p\u00fablico el exhorto a las dependencias estatales y federales para que investiguen a la empresa Urbanizadora Medell\u00edn, misma que administra el agua en los fraccionamientos Puente Moreno y Lagos de Puente Moreno el municipio de Medell\u00edn [&hellip;]<\/p>\n","protected":false},"author":2476,"featured_media":40729,"comment_status":"open","ping_status":"open","sticky":false,"template":"","format":"standard","meta":{"_jetpack_memberships_contains_paid_content":false,"footnotes":""},"categories":[2],"tags":[],"class_list":["post-40728","post","type-post","status-publish","format-standard","has-post-thumbnail","hentry","category-estado"],"jetpack_featured_media_url":"https:\/\/encuentroinformativo.com.mx\/wp-content\/uploads\/2023\/05\/IMG-20230517-WA0010.jpg","jetpack_sharing_enabled":true,"jetpack_likes_enabled":true,"amp_enabled":true,"_links":{"self":[{"href":"https:\/\/encuentroinformativo.com.mx\/index.php?rest_route=\/wp\/v2\/posts\/40728","targetHints":{"allow":["GET"]}}],"collection":[{"href":"https:\/\/encuentroinformativo.com.mx\/index.php?rest_route=\/wp\/v2\/posts"}],"about":[{"href":"https:\/\/encuentroinformativo.com.mx\/index.php?rest_route=\/wp\/v2\/types\/post"}],"author":[{"embeddable":true,"href":"https:\/\/encuentroinformativo.com.mx\/index.php?rest_route=\/wp\/v2\/users\/2476"}],"replies":[{"embeddable":true,"href":"https:\/\/encuentroinformativo.com.mx\/index.php?rest_route=%2Fwp%2Fv2%2Fcomments&post=40728"}],"version-history":[{"count":1,"href":"https:\/\/encuentroinformativo.com.mx\/index.php?rest_route=\/wp\/v2\/posts\/40728\/revisions"}],"predecessor-version":[{"id":40730,"href":"https:\/\/encuentroinformativo.com.mx\/index.php?rest_route=\/wp\/v2\/posts\/40728\/revisions\/40730"}],"wp:featuredmedia":[{"embeddable":true,"href":"https:\/\/encuentroinformativo.com.mx\/index.php?rest_route=\/wp\/v2\/media\/40729"}],"wp:attachment":[{"href":"https:\/\/encuentroinformativo.com.mx\/index.php?rest_route=%2Fwp%2Fv2%2Fmedia&parent=40728"}],"wp:term":[{"taxonomy":"category","embeddable":true,"href":"https:\/\/encuentroinformativo.com.mx\/index.php?rest_route=%2Fwp%2Fv2%2Fcategories&post=40728"},{"taxonomy":"post_tag","embeddable":true,"href":"https:\/\/encuentroinformativo.com.mx\/index.php?rest_route=%2Fwp%2Fv2%2Ftags&post=40728"}],"curies":[{"name":"wp","href":"https:\/\/api.w.org\/{rel}","templated":true}]}}