{"id":40741,"date":"2023-05-17T13:12:19","date_gmt":"2023-05-17T19:12:19","guid":{"rendered":"https:\/\/encuentroinformativo.com.mx\/?p=40741"},"modified":"2023-05-17T13:12:24","modified_gmt":"2023-05-17T19:12:24","slug":"reconocen-falta-de-espacios-laborales-para-mujeres-trans","status":"publish","type":"post","link":"https:\/\/encuentroinformativo.com.mx\/?p=40741","title":{"rendered":"Reconocen falta de espacios laborales para mujeres trans"},"content":{"rendered":"\n<p><strong>Juan Arcos <\/strong><\/p>\n\n\n\n<p>Xalapa, Ver.- La activista Jocelyn Paulina Rodr\u00edguez denunci\u00f3 que en Xalapa y todo el estado de Veracruz faltan espacios laborales para mujeres transexuales.<\/p>\n\n\n\n<p>La Coordinadora estatal de la asociaci\u00f3n civil Casa de las Mu\u00f1ecas Tiresias (CAMTAC) en Veracruz particip\u00f3 en el conversatorio \u201cUn d\u00eda sin discriminaci\u00f3n\u201d, que se realiz\u00f3 en el Teatro J. J. Herrera, ubicado en la zona centro de esta capital veracruzana.<\/p>\n\n\n\n<p>Durante el D\u00eda Internacional contra la Homofobia, Transfobia y la Biofobia, la defensora de los derechos de la comunidad diversa enfatiz\u00f3 que muy pocas dependencias de gobierno emplean a mujeres trans.<\/p>\n\n\n\n<p>\u201cFaltan much\u00edsimos espacios, no hay mujeres trans trabajando en dependencias de gobierno. Pocas son las dependencias que s\u00ed tienen chicas trans, pero hay much\u00edsimos lugares donde no las hay\u201d, expres\u00f3 Jocelyn.<\/p>\n\n\n\n<p>Algunas \u00e1reas del ayuntamiento de Xalapa s\u00ed cuentan con trabajadoras trans, como la Direcci\u00f3n de Protecci\u00f3n Civil (PC) y el Sistema para el Desarrollo Integral de la Familia (DIF).<\/p>\n\n\n\n<p>La activista reconoci\u00f3 que la falta de espacios laborales para mujeres trans se da principalmente por cuestiones de discriminaci\u00f3n.<\/p>\n\n\n\n<p>Sin embargo, Jocelyn Paulina Rodr\u00edguez enfatiz\u00f3 que se han incrementado las acciones para concientizar a la poblaci\u00f3n y promover la inclusi\u00f3n.<\/p>\n\n\n\n<p>\u201cPues pedimos el apoyo, que se abra un espacio, tenemos la capacidad intelectual para hacerlo, entonces necesitamos el apoyo para poder desarrollarnos en el \u00e1rea que se solicita o d\u00f3nde nos den el trabajo\u201d, a\u00f1adi\u00f3.<\/p>\n\n\n\n<p>Las activistas Paola Guzm\u00e1n y Fedra Ariadna tambi\u00e9n participaron en el conversatorio donde dieron su testimonio sobre la discriminaci\u00f3n que han padecido al ser mujeres trans.<\/p>\n\n\n\n<p>Ambas coincidieron en que es preocupante la situaci\u00f3n, debido a que Veracruz ocupa el primer lugar nacional con m\u00e1s cr\u00edmenes de odio y agresiones contra la comunidad diversa.<\/p>\n","protected":false},"excerpt":{"rendered":"<p>Juan Arcos Xalapa, Ver.- La activista Jocelyn Paulina Rodr\u00edguez denunci\u00f3 que en Xalapa y todo el estado de Veracruz faltan espacios laborales para mujeres transexuales. La Coordinadora estatal de la asociaci\u00f3n civil Casa de las Mu\u00f1ecas Tiresias (CAMTAC) en Veracruz particip\u00f3 en el conversatorio \u201cUn d\u00eda sin discriminaci\u00f3n\u201d, que se realiz\u00f3 en el Teatro J. [&hellip;]<\/p>\n","protected":false},"author":2476,"featured_media":40742,"comment_status":"open","ping_status":"open","sticky":false,"template":"","format":"standard","meta":{"_jetpack_memberships_contains_paid_content":false,"footnotes":""},"categories":[3],"tags":[],"class_list":["post-40741","post","type-post","status-publish","format-standard","has-post-thumbnail","hentry","category-xalapa"],"jetpack_featured_media_url":"https:\/\/encuentroinformativo.com.mx\/wp-content\/uploads\/2023\/05\/IMG_30972.jpg","jetpack_sharing_enabled":true,"jetpack_likes_enabled":true,"amp_enabled":true,"_links":{"self":[{"href":"https:\/\/encuentroinformativo.com.mx\/index.php?rest_route=\/wp\/v2\/posts\/40741","targetHints":{"allow":["GET"]}}],"collection":[{"href":"https:\/\/encuentroinformativo.com.mx\/index.php?rest_route=\/wp\/v2\/posts"}],"about":[{"href":"https:\/\/encuentroinformativo.com.mx\/index.php?rest_route=\/wp\/v2\/types\/post"}],"author":[{"embeddable":true,"href":"https:\/\/encuentroinformativo.com.mx\/index.php?rest_route=\/wp\/v2\/users\/2476"}],"replies":[{"embeddable":true,"href":"https:\/\/encuentroinformativo.com.mx\/index.php?rest_route=%2Fwp%2Fv2%2Fcomments&post=40741"}],"version-history":[{"count":1,"href":"https:\/\/encuentroinformativo.com.mx\/index.php?rest_route=\/wp\/v2\/posts\/40741\/revisions"}],"predecessor-version":[{"id":40743,"href":"https:\/\/encuentroinformativo.com.mx\/index.php?rest_route=\/wp\/v2\/posts\/40741\/revisions\/40743"}],"wp:featuredmedia":[{"embeddable":true,"href":"https:\/\/encuentroinformativo.com.mx\/index.php?rest_route=\/wp\/v2\/media\/40742"}],"wp:attachment":[{"href":"https:\/\/encuentroinformativo.com.mx\/index.php?rest_route=%2Fwp%2Fv2%2Fmedia&parent=40741"}],"wp:term":[{"taxonomy":"category","embeddable":true,"href":"https:\/\/encuentroinformativo.com.mx\/index.php?rest_route=%2Fwp%2Fv2%2Fcategories&post=40741"},{"taxonomy":"post_tag","embeddable":true,"href":"https:\/\/encuentroinformativo.com.mx\/index.php?rest_route=%2Fwp%2Fv2%2Ftags&post=40741"}],"curies":[{"name":"wp","href":"https:\/\/api.w.org\/{rel}","templated":true}]}}