{"id":40744,"date":"2023-05-17T14:20:00","date_gmt":"2023-05-17T20:20:00","guid":{"rendered":"https:\/\/encuentroinformativo.com.mx\/?p=40744"},"modified":"2023-05-17T14:20:05","modified_gmt":"2023-05-17T20:20:05","slug":"recuerdan-a-victimas-de-crimenes-de-odio-2","status":"publish","type":"post","link":"https:\/\/encuentroinformativo.com.mx\/?p=40744","title":{"rendered":"Recuerdan a v\u00edctimas de cr\u00edmenes de odio"},"content":{"rendered":"\n<p><strong>Dar\u00edo Pale <\/strong><\/p>\n\n\n\n<p>Xalapa, Ver.- Montan una guardia de honor en el memorial de la LGBTTIQ+, el cual se encuentra en 20 de noviembre frente al pante\u00f3n Palo Verde, esto con la finalidad de conmemorar el D\u00eda Internacional contra la Homofobia y Transfobia, y para recordar a las v\u00edctimas de los cr\u00edmenes de odio en Veracruz.<\/p>\n\n\n\n<p>En entrevista el presidente de &#8220;Orgullo Xalapa&#8221;, Leonardo Ruiz Moreno, en la entidad en lo que va de este 2023 tienen el registro de dos v\u00edctimas en el sur de la entidad veracruzana.<\/p>\n\n\n\n<p>&#8220;Tenemos datos rojos y seguimos levantando la voz, exigiendo justicia y hoy conmemoramos la lucha contra la homofobia&#8221;, se\u00f1al\u00f3.<\/p>\n\n\n\n<p>La Organizaci\u00f3n de las Naciones Unidas (ONU) en el a\u00f1o 2004, proclam\u00f3 el 17 de mayo como el D\u00eda Internacional contra la Homofobia, Transfobia y la Biofobia, en conmemoraci\u00f3n del d\u00eda en que se elimin\u00f3 la homosexualidad de la clasificaci\u00f3n internacional de enfermedades mentales por la Asamblea General de la Organizaci\u00f3n Mundial de la Salud (OMS) 14 a\u00f1os antes (1990).<\/p>\n\n\n\n<p>Acus\u00f3 que contin\u00faan mat\u00e1ndolos sin pudor alguno, &#8220;17 pu\u00f1aladas, cortan las venas, asfixian, incluso hasta llegar a descuartizarlos es una lucha que sigue d\u00eda ad\u00eda matando la discriminaci\u00f3n lo vemos en la escuela, lo vemos en el trabajo, lo vemos donde caminamos, una mala cr\u00edtica, una mala mirada&#8221;.<\/p>\n\n\n\n<p>Por \u00faltimo cabe se\u00f1alar que en el monumento se colocaron coronas y la bandera del arcoiris que caracteriza a la comunidad de la diversidad sexual y se dieron algunas palabras en memoria de las personas asesinadas.<\/p>\n","protected":false},"excerpt":{"rendered":"<p>Dar\u00edo Pale Xalapa, Ver.- Montan una guardia de honor en el memorial de la LGBTTIQ+, el cual se encuentra en 20 de noviembre frente al pante\u00f3n Palo Verde, esto con la finalidad de conmemorar el D\u00eda Internacional contra la Homofobia y Transfobia, y para recordar a las v\u00edctimas de los cr\u00edmenes de odio en Veracruz. [&hellip;]<\/p>\n","protected":false},"author":2476,"featured_media":40745,"comment_status":"open","ping_status":"open","sticky":false,"template":"","format":"standard","meta":{"_jetpack_memberships_contains_paid_content":false,"footnotes":""},"categories":[3],"tags":[],"class_list":["post-40744","post","type-post","status-publish","format-standard","has-post-thumbnail","hentry","category-xalapa"],"jetpack_featured_media_url":"https:\/\/encuentroinformativo.com.mx\/wp-content\/uploads\/2023\/05\/IMG-20230517-WA00362.jpg","jetpack_sharing_enabled":true,"jetpack_likes_enabled":true,"amp_enabled":true,"_links":{"self":[{"href":"https:\/\/encuentroinformativo.com.mx\/index.php?rest_route=\/wp\/v2\/posts\/40744","targetHints":{"allow":["GET"]}}],"collection":[{"href":"https:\/\/encuentroinformativo.com.mx\/index.php?rest_route=\/wp\/v2\/posts"}],"about":[{"href":"https:\/\/encuentroinformativo.com.mx\/index.php?rest_route=\/wp\/v2\/types\/post"}],"author":[{"embeddable":true,"href":"https:\/\/encuentroinformativo.com.mx\/index.php?rest_route=\/wp\/v2\/users\/2476"}],"replies":[{"embeddable":true,"href":"https:\/\/encuentroinformativo.com.mx\/index.php?rest_route=%2Fwp%2Fv2%2Fcomments&post=40744"}],"version-history":[{"count":1,"href":"https:\/\/encuentroinformativo.com.mx\/index.php?rest_route=\/wp\/v2\/posts\/40744\/revisions"}],"predecessor-version":[{"id":40746,"href":"https:\/\/encuentroinformativo.com.mx\/index.php?rest_route=\/wp\/v2\/posts\/40744\/revisions\/40746"}],"wp:featuredmedia":[{"embeddable":true,"href":"https:\/\/encuentroinformativo.com.mx\/index.php?rest_route=\/wp\/v2\/media\/40745"}],"wp:attachment":[{"href":"https:\/\/encuentroinformativo.com.mx\/index.php?rest_route=%2Fwp%2Fv2%2Fmedia&parent=40744"}],"wp:term":[{"taxonomy":"category","embeddable":true,"href":"https:\/\/encuentroinformativo.com.mx\/index.php?rest_route=%2Fwp%2Fv2%2Fcategories&post=40744"},{"taxonomy":"post_tag","embeddable":true,"href":"https:\/\/encuentroinformativo.com.mx\/index.php?rest_route=%2Fwp%2Fv2%2Ftags&post=40744"}],"curies":[{"name":"wp","href":"https:\/\/api.w.org\/{rel}","templated":true}]}}