{"id":40750,"date":"2023-05-17T16:13:21","date_gmt":"2023-05-17T22:13:21","guid":{"rendered":"https:\/\/encuentroinformativo.com.mx\/?p=40750"},"modified":"2023-05-17T16:13:27","modified_gmt":"2023-05-17T22:13:27","slug":"invitan-a-mario-delgado-para-protestar-en-la-suprema-corte","status":"publish","type":"post","link":"https:\/\/encuentroinformativo.com.mx\/?p=40750","title":{"rendered":"Invitan a Mario Delgado para protestar en la Suprema Corte"},"content":{"rendered":"\n<p><strong>Dar\u00edo Pale <\/strong><\/p>\n\n\n\n<p>Xalapa, Ver.- Invitan al dirigente nacional de Morena Mario Delgado para que se sume a la protesta en la Suprema Corte de Justicia de la Naci\u00f3n (SCJN) el pr\u00f3ximo 20 de mayo, en la sede de la Suprema Corte de Justicia de la Naci\u00f3n, esto despu\u00e9s de que se deslindara de la misma, as\u00ed lo dio a conocer el presidente de la Junta de Coordinaci\u00f3n Pol\u00edtica de la Legislatura local, (JUCOPO) Juan Javier G\u00f3mez Cazar\u00edn.<\/p>\n\n\n\n<p>Cabe recordar que Mario Delgado expres\u00f3 que como Morena nacional no estaban haciendo dicha convocatoria.<\/p>\n\n\n\n<p>Al deslindarse de la misma y de los diputados de Veracruz y del gobernador Cuitl\u00e1huac Garc\u00eda, afirm\u00f3 que su partido est\u00e1 concentrado en las elecciones a gobernador en Coahuila y el Estado de M\u00e9xico.<\/p>\n\n\n\n<p>&#8220;Quiero manifestarle que en ning\u00fan momento el Congreso del estado de Veracruz y yo como representante de la bancada, le hemos realizado alguna invitaci\u00f3n al presidente del Comit\u00e9 Nacional de Morena&#8221;, se\u00f1al\u00f3.<\/p>\n\n\n\n<p>&#8220;Sin embargo, aprovechamos la ocasi\u00f3n para hacerle la invitaci\u00f3n, es una manifestaci\u00f3n a favor del pueblo&#8221;, agreg\u00f3.<\/p>\n\n\n\n<p>Por \u00faltimo refiri\u00f3 que a dicha propuesta se han sumado legisladores de Campeche, Puebla, Oaxaca, Veracruz, Tamaulipas y al parecer tambi\u00e9n Morelos.<\/p>\n","protected":false},"excerpt":{"rendered":"<p>Dar\u00edo Pale Xalapa, Ver.- Invitan al dirigente nacional de Morena Mario Delgado para que se sume a la protesta en la Suprema Corte de Justicia de la Naci\u00f3n (SCJN) el pr\u00f3ximo 20 de mayo, en la sede de la Suprema Corte de Justicia de la Naci\u00f3n, esto despu\u00e9s de que se deslindara de la misma, [&hellip;]<\/p>\n","protected":false},"author":2476,"featured_media":40751,"comment_status":"open","ping_status":"open","sticky":false,"template":"","format":"standard","meta":{"_jetpack_memberships_contains_paid_content":false,"footnotes":""},"categories":[2],"tags":[],"class_list":["post-40750","post","type-post","status-publish","format-standard","has-post-thumbnail","hentry","category-estado"],"jetpack_featured_media_url":"https:\/\/encuentroinformativo.com.mx\/wp-content\/uploads\/2023\/05\/Photo_1684361412735.jpg","jetpack_sharing_enabled":true,"jetpack_likes_enabled":true,"amp_enabled":true,"_links":{"self":[{"href":"https:\/\/encuentroinformativo.com.mx\/index.php?rest_route=\/wp\/v2\/posts\/40750","targetHints":{"allow":["GET"]}}],"collection":[{"href":"https:\/\/encuentroinformativo.com.mx\/index.php?rest_route=\/wp\/v2\/posts"}],"about":[{"href":"https:\/\/encuentroinformativo.com.mx\/index.php?rest_route=\/wp\/v2\/types\/post"}],"author":[{"embeddable":true,"href":"https:\/\/encuentroinformativo.com.mx\/index.php?rest_route=\/wp\/v2\/users\/2476"}],"replies":[{"embeddable":true,"href":"https:\/\/encuentroinformativo.com.mx\/index.php?rest_route=%2Fwp%2Fv2%2Fcomments&post=40750"}],"version-history":[{"count":1,"href":"https:\/\/encuentroinformativo.com.mx\/index.php?rest_route=\/wp\/v2\/posts\/40750\/revisions"}],"predecessor-version":[{"id":40752,"href":"https:\/\/encuentroinformativo.com.mx\/index.php?rest_route=\/wp\/v2\/posts\/40750\/revisions\/40752"}],"wp:featuredmedia":[{"embeddable":true,"href":"https:\/\/encuentroinformativo.com.mx\/index.php?rest_route=\/wp\/v2\/media\/40751"}],"wp:attachment":[{"href":"https:\/\/encuentroinformativo.com.mx\/index.php?rest_route=%2Fwp%2Fv2%2Fmedia&parent=40750"}],"wp:term":[{"taxonomy":"category","embeddable":true,"href":"https:\/\/encuentroinformativo.com.mx\/index.php?rest_route=%2Fwp%2Fv2%2Fcategories&post=40750"},{"taxonomy":"post_tag","embeddable":true,"href":"https:\/\/encuentroinformativo.com.mx\/index.php?rest_route=%2Fwp%2Fv2%2Ftags&post=40750"}],"curies":[{"name":"wp","href":"https:\/\/api.w.org\/{rel}","templated":true}]}}