{"id":40753,"date":"2023-05-17T16:17:08","date_gmt":"2023-05-17T22:17:08","guid":{"rendered":"https:\/\/encuentroinformativo.com.mx\/?p=40753"},"modified":"2023-05-17T16:17:12","modified_gmt":"2023-05-17T22:17:12","slug":"joven-rescatado-de-secuestro-podria-ser-participe-en-asesinatos-de-elementos-de-guardia-nacional","status":"publish","type":"post","link":"https:\/\/encuentroinformativo.com.mx\/?p=40753","title":{"rendered":"Joven rescatado de secuestro podr\u00eda ser part\u00edcipe en asesinatos de elementos de Guardia Nacional"},"content":{"rendered":"\n<p><strong>Alejandro \u00c1vila<\/strong><\/p>\n\n\n\n<p>Veracruz, Ver.- El joven que fue rescatado la noche de este martes en la colonia Carranza del municipio de Boca del R\u00edo tras haber sido privado de su libertad, fue puesto a disposici\u00f3n de las autoridades, pues se presume podr\u00eda ser part\u00edcipe del asesinato de dos elementos de la Guardia Nacional.<\/p>\n\n\n\n<p>Es de mencionar que, la tarde &#8211; noche de este martes se realiz\u00f3 una intensa movilizaci\u00f3n en la colonia Carranza del municipio de Boca del R\u00edo, donde incluso hubo intercambio de disparos entre las fuerzas del orden y los captores de Erick F.R. de 20 a\u00f1os de edad; finalmente el muchacho fue rescatado con vida y, antes de ser liberado fue entregado a la Polic\u00eda Ministerial, pues se encuentra bajo investigaci\u00f3n por su presunta participaci\u00f3n en otros delitos.<\/p>\n\n\n\n<p>Seg\u00fan la informaci\u00f3n obtenida, el 19 de marzo del 2019 la Polic\u00eda Ministerial ya hab\u00eda capturado a Erick F.R. tras ser se\u00f1alado c\u00f3mo probable responsable del homicidio de dos elementos de la Guardia&nbsp; Nacional en el municipio de Cotaxtla; los elementos fueron encontrados sin vida en un basurero, el 19 de enero del 2019.<\/p>\n\n\n\n<p>Dicho sujeto junto a otro m\u00e1s, identificado como Alonso C. F. alias &#8220;El Lencho&#8221;, contactaron a los dos oficiales mediante un grupo de internet para venderles un arma de fuego y los citaron en dicha localidad para cerrar el trato.<\/p>\n\n\n\n<p>Los presuntos homicidas desconoc\u00edan que la v\u00edctimas identificadas como Guadalupe Teodosio Olivares y Juan Manuel P\u00e9rez Rinc\u00f3n, eran de la Guardia Nacional hasta que estos los detuvieron en el lugar y los subieron a un veh\u00edculo.<\/p>\n\n\n\n<p>Con lo que no contaban los agraviados era que los homicidas llevaban consigo otra pistola con la que les dispararon en la cabeza dentro de la unidad y posteriormente fueron a arrojar sus cuerpos al basurero para luego escapar.<\/p>\n\n\n\n<p>Las indagatorias arrojaron que los elementos de la GN los hab\u00edan contactado horas antes de su muerte para cerrar el trato sobre el arma de fuego, por lo cual lograron dar con sus paraderos tras una b\u00fasqueda exhaustiva dos meses m\u00e1s tarde.<\/p>\n\n\n\n<p>Cabe se\u00f1alar que Erik F. R. tambi\u00e9n se encuentra bajo investigaci\u00f3n por su probable participaci\u00f3n en varios delitos m\u00e1s en esa misma regi\u00f3n, por lo que en el transcurso de las pr\u00f3ximas horas podr\u00eda pasar de v\u00edctima a ser imputado de nueva cuenta por autoridades ministeriales.<\/p>\n","protected":false},"excerpt":{"rendered":"<p>Alejandro \u00c1vila Veracruz, Ver.- El joven que fue rescatado la noche de este martes en la colonia Carranza del municipio de Boca del R\u00edo tras haber sido privado de su libertad, fue puesto a disposici\u00f3n de las autoridades, pues se presume podr\u00eda ser part\u00edcipe del asesinato de dos elementos de la Guardia Nacional. Es de [&hellip;]<\/p>\n","protected":false},"author":2476,"featured_media":40754,"comment_status":"open","ping_status":"open","sticky":false,"template":"","format":"standard","meta":{"_jetpack_memberships_contains_paid_content":false,"footnotes":""},"categories":[14],"tags":[],"class_list":["post-40753","post","type-post","status-publish","format-standard","has-post-thumbnail","hentry","category-policiaca"],"jetpack_featured_media_url":"https:\/\/encuentroinformativo.com.mx\/wp-content\/uploads\/2023\/05\/IMG-20230517-WA0031.jpg","jetpack_sharing_enabled":true,"jetpack_likes_enabled":true,"amp_enabled":true,"_links":{"self":[{"href":"https:\/\/encuentroinformativo.com.mx\/index.php?rest_route=\/wp\/v2\/posts\/40753","targetHints":{"allow":["GET"]}}],"collection":[{"href":"https:\/\/encuentroinformativo.com.mx\/index.php?rest_route=\/wp\/v2\/posts"}],"about":[{"href":"https:\/\/encuentroinformativo.com.mx\/index.php?rest_route=\/wp\/v2\/types\/post"}],"author":[{"embeddable":true,"href":"https:\/\/encuentroinformativo.com.mx\/index.php?rest_route=\/wp\/v2\/users\/2476"}],"replies":[{"embeddable":true,"href":"https:\/\/encuentroinformativo.com.mx\/index.php?rest_route=%2Fwp%2Fv2%2Fcomments&post=40753"}],"version-history":[{"count":1,"href":"https:\/\/encuentroinformativo.com.mx\/index.php?rest_route=\/wp\/v2\/posts\/40753\/revisions"}],"predecessor-version":[{"id":40755,"href":"https:\/\/encuentroinformativo.com.mx\/index.php?rest_route=\/wp\/v2\/posts\/40753\/revisions\/40755"}],"wp:featuredmedia":[{"embeddable":true,"href":"https:\/\/encuentroinformativo.com.mx\/index.php?rest_route=\/wp\/v2\/media\/40754"}],"wp:attachment":[{"href":"https:\/\/encuentroinformativo.com.mx\/index.php?rest_route=%2Fwp%2Fv2%2Fmedia&parent=40753"}],"wp:term":[{"taxonomy":"category","embeddable":true,"href":"https:\/\/encuentroinformativo.com.mx\/index.php?rest_route=%2Fwp%2Fv2%2Fcategories&post=40753"},{"taxonomy":"post_tag","embeddable":true,"href":"https:\/\/encuentroinformativo.com.mx\/index.php?rest_route=%2Fwp%2Fv2%2Ftags&post=40753"}],"curies":[{"name":"wp","href":"https:\/\/api.w.org\/{rel}","templated":true}]}}