{"id":40756,"date":"2023-05-17T16:19:17","date_gmt":"2023-05-17T22:19:17","guid":{"rendered":"https:\/\/encuentroinformativo.com.mx\/?p=40756"},"modified":"2023-05-17T16:19:48","modified_gmt":"2023-05-17T22:19:48","slug":"nueva-directiva-de-inmobiliarios-en-veracruz-puerto","status":"publish","type":"post","link":"https:\/\/encuentroinformativo.com.mx\/?p=40756","title":{"rendered":"Nueva directiva de Inmobiliarios en Veracruz puerto"},"content":{"rendered":"\n<p><strong>Alejandro \u00c1vila<\/strong><\/p>\n\n\n\n<p>Veracruz, Ver.- Sergio Lavalle Garc\u00e9s rindi\u00f3 protesta como presidente de la Asociaci\u00f3n Mexicana de Profesionales Inmobiliarios (AMPI) de Veracruz, para el periodo 2023 &#8211; 2024.<\/p>\n\n\n\n<p>En su mensaje, destac\u00f3 que el mercado inmobiliario se ha convertido en uno de los grandes motores de la econom\u00eda nacional lo que implica grandes retos para el sector.<\/p>\n\n\n\n<p>En el caso de Veracruz representa el 16.5 por ciento del Producto Interno Bruto.<\/p>\n\n\n\n<p>\u201cEsto nos lleva como asociaci\u00f3n a otorgar a todos los miembros y a aquellas personas que est\u00e1n incursionando en el mercado los conocimientos y herramientas para desarrollar su trabajo con mayor seguridad\u201d.<\/p>\n\n\n\n<p>Se comprometi\u00f3 a trabajar con \u00e9tica y responsabilidad social sobre todo ahora que AMPI Veracruz cumple 30 a\u00f1os y para que el estado cuente con la Ley Inmobiliaria y su respectivo reglamento.<\/p>\n\n\n\n<p>Quien realiz\u00f3 la toma de protesta del Consejo Directivo de la AMPI 2023 &#8211; 2024, fue Ignacio Lacunza Maga\u00f1a, presidente nacional de la Asociaci\u00f3n Mexicana de Profesionales Inmobiliarios.<\/p>\n\n\n\n<p>\u201cEste es el acto m\u00e1s solemne que tenemos en la AMPI en cada una de las secciones. Vengo a ratificar un compromiso moral y profesional con quienes conforman esta secci\u00f3n y que genera riqueza al pa\u00eds, al estado y municipio\u201d.<\/p>\n\n\n\n<p>En su discurso exhort\u00f3 a realizar esfuerzos para que el reglamento de la Ley Inmobiliaria de Veracruz pronto est\u00e9 vigente.<\/p>\n\n\n\n<p>La presidenta saliente de AMPI, Lizbeth Mora agradeci\u00f3 la confianza de los socios durante el tiempo de su gesti\u00f3n y dese\u00f3 el mejor de los \u00e9xitos al nuevo Consejo Directivo.<\/p>\n\n\n\n<p>El Consejo Directivo de la AMPI 2023-2024 qued\u00f3 conformado de la siguiente manera:<\/p>\n\n\n\n<p>Lic. Sergio Lavalle Garc\u00e9s&nbsp;<br>Presidente&nbsp;<\/p>\n\n\n\n<p>Lic. Blanca Juarez Inoroza&nbsp;<br>Vicepresidenta<\/p>\n\n\n\n<p>Lic. Ver\u00f3nica Gonz\u00e1lez Lara<br>Consejera Administraci\u00f3n y Afiliaci\u00f3n&nbsp;<\/p>\n\n\n\n<p>Lic. Cesya Gonz\u00e1lez Ceballos<br>Secretaria&nbsp;<\/p>\n\n\n\n<p>CP. Alberto Montalvo Hern\u00e1ndez&nbsp;<br>Tesorero&nbsp;<\/p>\n\n\n\n<p>Lic. Flor \ud835\uddb2\ud835\uddc8\ud835\uddcd\ud835\uddc8 \ud835\uddb5\ud835\uddc2\ud835\uddc5\ud835\uddc5\ud835\uddbe\ud835\uddc0\ud835\uddba\ud835\uddcc&nbsp;<br>Consejera Capacitaci\u00f3n&nbsp;<\/p>\n\n\n\n<p>CP. Karina Rivera Hern\u00e1ndez&nbsp;<br>Consejera Comunicaci\u00f3n<\/p>\n","protected":false},"excerpt":{"rendered":"<p>Alejandro \u00c1vila Veracruz, Ver.- Sergio Lavalle Garc\u00e9s rindi\u00f3 protesta como presidente de la Asociaci\u00f3n Mexicana de Profesionales Inmobiliarios (AMPI) de Veracruz, para el periodo 2023 &#8211; 2024. En su mensaje, destac\u00f3 que el mercado inmobiliario se ha convertido en uno de los grandes motores de la econom\u00eda nacional lo que implica grandes retos para el [&hellip;]<\/p>\n","protected":false},"author":2476,"featured_media":40757,"comment_status":"open","ping_status":"open","sticky":false,"template":"","format":"standard","meta":{"_jetpack_memberships_contains_paid_content":false,"footnotes":""},"categories":[2],"tags":[],"class_list":["post-40756","post","type-post","status-publish","format-standard","has-post-thumbnail","hentry","category-estado"],"jetpack_featured_media_url":"https:\/\/encuentroinformativo.com.mx\/wp-content\/uploads\/2023\/05\/IMG-20230517-WA00552.jpg","jetpack_sharing_enabled":true,"jetpack_likes_enabled":true,"amp_enabled":true,"_links":{"self":[{"href":"https:\/\/encuentroinformativo.com.mx\/index.php?rest_route=\/wp\/v2\/posts\/40756","targetHints":{"allow":["GET"]}}],"collection":[{"href":"https:\/\/encuentroinformativo.com.mx\/index.php?rest_route=\/wp\/v2\/posts"}],"about":[{"href":"https:\/\/encuentroinformativo.com.mx\/index.php?rest_route=\/wp\/v2\/types\/post"}],"author":[{"embeddable":true,"href":"https:\/\/encuentroinformativo.com.mx\/index.php?rest_route=\/wp\/v2\/users\/2476"}],"replies":[{"embeddable":true,"href":"https:\/\/encuentroinformativo.com.mx\/index.php?rest_route=%2Fwp%2Fv2%2Fcomments&post=40756"}],"version-history":[{"count":1,"href":"https:\/\/encuentroinformativo.com.mx\/index.php?rest_route=\/wp\/v2\/posts\/40756\/revisions"}],"predecessor-version":[{"id":40758,"href":"https:\/\/encuentroinformativo.com.mx\/index.php?rest_route=\/wp\/v2\/posts\/40756\/revisions\/40758"}],"wp:featuredmedia":[{"embeddable":true,"href":"https:\/\/encuentroinformativo.com.mx\/index.php?rest_route=\/wp\/v2\/media\/40757"}],"wp:attachment":[{"href":"https:\/\/encuentroinformativo.com.mx\/index.php?rest_route=%2Fwp%2Fv2%2Fmedia&parent=40756"}],"wp:term":[{"taxonomy":"category","embeddable":true,"href":"https:\/\/encuentroinformativo.com.mx\/index.php?rest_route=%2Fwp%2Fv2%2Fcategories&post=40756"},{"taxonomy":"post_tag","embeddable":true,"href":"https:\/\/encuentroinformativo.com.mx\/index.php?rest_route=%2Fwp%2Fv2%2Ftags&post=40756"}],"curies":[{"name":"wp","href":"https:\/\/api.w.org\/{rel}","templated":true}]}}