{"id":40759,"date":"2023-05-17T16:23:26","date_gmt":"2023-05-17T22:23:26","guid":{"rendered":"https:\/\/encuentroinformativo.com.mx\/?p=40759"},"modified":"2023-05-17T16:23:33","modified_gmt":"2023-05-17T22:23:33","slug":"dif-de-medellin-apoya-con-gastos-funerarios-a-familia-de-lizbeth-vargas","status":"publish","type":"post","link":"https:\/\/encuentroinformativo.com.mx\/?p=40759","title":{"rendered":"DIF de Medell\u00edn apoya con gastos funerarios a familia de Lizbeth Vargas"},"content":{"rendered":"\n<p><strong>Alejandro \u00c1vila<\/strong><\/p>\n\n\n\n<p>Medell\u00edn de Bravo, Ver.- El Ayuntamiento de Medell\u00edn de Bravo dio a conocer of the record que, a trav\u00e9s del DIF y la direcci\u00f3n de Gobernaci\u00f3n, brindaron el apoyo a la familia de la joven, Lizbeth Vargas Barrios, quien fue v\u00edctima de feminicidio.<\/p>\n\n\n\n<p>Tras conocer por los medios de comunicaci\u00f3n la solicitud de su familia para cubrir los gastos funerarios, la direcci\u00f3n de Gobernaci\u00f3n acudi\u00f3 a entrevistarse con los familiares para brindarles el apoyo; de la misma manera, al conocer su situaci\u00f3n financiera, el DIF Municipal decidi\u00f3 brindarles despensas, mismas que ser\u00e1n permanentes.<\/p>\n\n\n\n<p>Las autoridades municipales proporcionaron gratuitamente todo lo relacionado para los servicios funerarios, as\u00ed como despensas, leche y asistencia psicol\u00f3gica y legal para los familiares m\u00e1s cercanos, principalmente para sus dos peque\u00f1os hijos, quienes quedaron bajo el resguardo de su bisabuela materna.<\/p>\n\n\n\n<p>Al ser personas de escasos recursos econ\u00f3micos, la instrucci\u00f3n del alcalde Marcos Isle\u00f1o Andrade es estar atentos para continuar apoy\u00e1ndolos con asistencia legal y alimentaria.<\/p>\n","protected":false},"excerpt":{"rendered":"<p>Alejandro \u00c1vila Medell\u00edn de Bravo, Ver.- El Ayuntamiento de Medell\u00edn de Bravo dio a conocer of the record que, a trav\u00e9s del DIF y la direcci\u00f3n de Gobernaci\u00f3n, brindaron el apoyo a la familia de la joven, Lizbeth Vargas Barrios, quien fue v\u00edctima de feminicidio. Tras conocer por los medios de comunicaci\u00f3n la solicitud de [&hellip;]<\/p>\n","protected":false},"author":2476,"featured_media":40760,"comment_status":"open","ping_status":"open","sticky":false,"template":"","format":"standard","meta":{"_jetpack_memberships_contains_paid_content":false,"footnotes":""},"categories":[2],"tags":[],"class_list":["post-40759","post","type-post","status-publish","format-standard","has-post-thumbnail","hentry","category-estado"],"jetpack_featured_media_url":"https:\/\/encuentroinformativo.com.mx\/wp-content\/uploads\/2023\/05\/IMG-20230517-WA00322.jpg","jetpack_sharing_enabled":true,"jetpack_likes_enabled":true,"amp_enabled":true,"_links":{"self":[{"href":"https:\/\/encuentroinformativo.com.mx\/index.php?rest_route=\/wp\/v2\/posts\/40759","targetHints":{"allow":["GET"]}}],"collection":[{"href":"https:\/\/encuentroinformativo.com.mx\/index.php?rest_route=\/wp\/v2\/posts"}],"about":[{"href":"https:\/\/encuentroinformativo.com.mx\/index.php?rest_route=\/wp\/v2\/types\/post"}],"author":[{"embeddable":true,"href":"https:\/\/encuentroinformativo.com.mx\/index.php?rest_route=\/wp\/v2\/users\/2476"}],"replies":[{"embeddable":true,"href":"https:\/\/encuentroinformativo.com.mx\/index.php?rest_route=%2Fwp%2Fv2%2Fcomments&post=40759"}],"version-history":[{"count":1,"href":"https:\/\/encuentroinformativo.com.mx\/index.php?rest_route=\/wp\/v2\/posts\/40759\/revisions"}],"predecessor-version":[{"id":40761,"href":"https:\/\/encuentroinformativo.com.mx\/index.php?rest_route=\/wp\/v2\/posts\/40759\/revisions\/40761"}],"wp:featuredmedia":[{"embeddable":true,"href":"https:\/\/encuentroinformativo.com.mx\/index.php?rest_route=\/wp\/v2\/media\/40760"}],"wp:attachment":[{"href":"https:\/\/encuentroinformativo.com.mx\/index.php?rest_route=%2Fwp%2Fv2%2Fmedia&parent=40759"}],"wp:term":[{"taxonomy":"category","embeddable":true,"href":"https:\/\/encuentroinformativo.com.mx\/index.php?rest_route=%2Fwp%2Fv2%2Fcategories&post=40759"},{"taxonomy":"post_tag","embeddable":true,"href":"https:\/\/encuentroinformativo.com.mx\/index.php?rest_route=%2Fwp%2Fv2%2Ftags&post=40759"}],"curies":[{"name":"wp","href":"https:\/\/api.w.org\/{rel}","templated":true}]}}