{"id":40762,"date":"2023-05-17T16:27:35","date_gmt":"2023-05-17T22:27:35","guid":{"rendered":"https:\/\/encuentroinformativo.com.mx\/?p=40762"},"modified":"2023-05-17T16:27:39","modified_gmt":"2023-05-17T22:27:39","slug":"respalda-morena-denuncias-de-gobernador-contra-jueces","status":"publish","type":"post","link":"https:\/\/encuentroinformativo.com.mx\/?p=40762","title":{"rendered":"Respalda Morena denuncias de gobernador contra jueces"},"content":{"rendered":"\n<p><strong>Alejandro \u00c1vila<\/strong><\/p>\n\n\n\n<p>Veracruz, Ver.- La denuncia presentada por el gobernador, Cuitl\u00e1huac Garc\u00eda Jim\u00e9nez en la Ciudad de M\u00e9xico, contra jueces que, a su parecer, han resuelto a favor de intereses particulares y no de los veracruzanos, ser\u00e1 respaldada por la dirigencia estatal de Morena, asegur\u00f3 su presidente, Esteban Ram\u00edrez Zepeta.<\/p>\n\n\n\n<p>\u201cMe atrevo a asegurar que cada uno de los&nbsp; integrantes del Comit\u00e9 Ejecutivo del partido en Veracruz respaldamos ampliamente la denuncia que ha presentado nuestro Gobernador, Cuitl\u00e1huac Garc\u00eda Jim\u00e9nez, en contra de algunos jueces corruptos que privilegian los intereses de unos cuantos a los intereses del pueblo\u201d, consider\u00f3.&nbsp;<\/p>\n\n\n\n<p>Este martes, el Gobernador Cuitl\u00e1huac Garc\u00eda Jim\u00e9nez present\u00f3 ante la Fiscal\u00eda General de la Rep\u00fablica una denuncia en contra de algunos jueces que han emitido resoluciones contrarias a la ley, pero que benefician intereses de particulares.&nbsp;<\/p>\n\n\n\n<p>En su exposici\u00f3n de motivos, el mandatario estatal se\u00f1al\u00f3 que \u201ces evidente que existe un contubernio para solapar redes de corrupci\u00f3n al interior del Poder Judicial con el aval o indiferencia, que ser\u00eda igual de grave, de algunos ministros de la Suprema Corte y la inacci\u00f3n de una buena parte del Consejo de la Judicatura Federal o con el c\u00f3mplice consentimiento de ambos\u201d.<\/p>\n\n\n\n<p>Insisti\u00f3 en que \u201ces el caso denunciado reiteradamente desde Veracruz con respecto a las determinaciones por los Jueces del Cuarto y Quinto Distritos del Estado de Veracruz sobre la ilegal construcci\u00f3n de un edificio tipo torre en el municipio del Puerto de Veracruz que no cuenta con ninguno de los permisos respectivos\u201d.<\/p>\n\n\n\n<p>El ejecutivo estatal dijo que \u201cen un verdadero estado de derecho, esta edificaci\u00f3n de m\u00e1s de 26 pisos en una zona hist\u00f3rica, por decir lo menos, no hubiese prosperado ante la falta de los indispensables tr\u00e1mites de ley. Solo se puede entender su avanzada construcci\u00f3n como producto del contubernio de una red de jueces federales que ampararon a quienes infringieron la ley a todas luces\u201d, concluy\u00f3.<\/p>\n","protected":false},"excerpt":{"rendered":"<p>Alejandro \u00c1vila Veracruz, Ver.- La denuncia presentada por el gobernador, Cuitl\u00e1huac Garc\u00eda Jim\u00e9nez en la Ciudad de M\u00e9xico, contra jueces que, a su parecer, han resuelto a favor de intereses particulares y no de los veracruzanos, ser\u00e1 respaldada por la dirigencia estatal de Morena, asegur\u00f3 su presidente, Esteban Ram\u00edrez Zepeta. \u201cMe atrevo a asegurar que [&hellip;]<\/p>\n","protected":false},"author":2476,"featured_media":40763,"comment_status":"open","ping_status":"open","sticky":false,"template":"","format":"standard","meta":{"_jetpack_memberships_contains_paid_content":false,"footnotes":""},"categories":[2],"tags":[],"class_list":["post-40762","post","type-post","status-publish","format-standard","has-post-thumbnail","hentry","category-estado"],"jetpack_featured_media_url":"https:\/\/encuentroinformativo.com.mx\/wp-content\/uploads\/2023\/05\/IMG-20230517-WA0033.jpg","jetpack_sharing_enabled":true,"jetpack_likes_enabled":true,"amp_enabled":true,"_links":{"self":[{"href":"https:\/\/encuentroinformativo.com.mx\/index.php?rest_route=\/wp\/v2\/posts\/40762","targetHints":{"allow":["GET"]}}],"collection":[{"href":"https:\/\/encuentroinformativo.com.mx\/index.php?rest_route=\/wp\/v2\/posts"}],"about":[{"href":"https:\/\/encuentroinformativo.com.mx\/index.php?rest_route=\/wp\/v2\/types\/post"}],"author":[{"embeddable":true,"href":"https:\/\/encuentroinformativo.com.mx\/index.php?rest_route=\/wp\/v2\/users\/2476"}],"replies":[{"embeddable":true,"href":"https:\/\/encuentroinformativo.com.mx\/index.php?rest_route=%2Fwp%2Fv2%2Fcomments&post=40762"}],"version-history":[{"count":1,"href":"https:\/\/encuentroinformativo.com.mx\/index.php?rest_route=\/wp\/v2\/posts\/40762\/revisions"}],"predecessor-version":[{"id":40764,"href":"https:\/\/encuentroinformativo.com.mx\/index.php?rest_route=\/wp\/v2\/posts\/40762\/revisions\/40764"}],"wp:featuredmedia":[{"embeddable":true,"href":"https:\/\/encuentroinformativo.com.mx\/index.php?rest_route=\/wp\/v2\/media\/40763"}],"wp:attachment":[{"href":"https:\/\/encuentroinformativo.com.mx\/index.php?rest_route=%2Fwp%2Fv2%2Fmedia&parent=40762"}],"wp:term":[{"taxonomy":"category","embeddable":true,"href":"https:\/\/encuentroinformativo.com.mx\/index.php?rest_route=%2Fwp%2Fv2%2Fcategories&post=40762"},{"taxonomy":"post_tag","embeddable":true,"href":"https:\/\/encuentroinformativo.com.mx\/index.php?rest_route=%2Fwp%2Fv2%2Ftags&post=40762"}],"curies":[{"name":"wp","href":"https:\/\/api.w.org\/{rel}","templated":true}]}}