{"id":40765,"date":"2023-05-17T16:32:39","date_gmt":"2023-05-17T22:32:39","guid":{"rendered":"https:\/\/encuentroinformativo.com.mx\/?p=40765"},"modified":"2023-05-17T16:32:41","modified_gmt":"2023-05-17T22:32:41","slug":"van-8-anos-de-impunidad-por-desalojo-acusan-pensionados","status":"publish","type":"post","link":"https:\/\/encuentroinformativo.com.mx\/?p=40765","title":{"rendered":"Van 8 a\u00f1os de impunidad por desalojo, acusan pensionados"},"content":{"rendered":"\n<p><strong>Juan Arcos <\/strong><\/p>\n\n\n\n<p>Xalapa, Ver.- Han pasado casi ocho a\u00f1os tras la agresi\u00f3n contra adultos mayores que se manifestaban en Xalapa para exigir el pago de su pensi\u00f3n y su caso sigue impune.<\/p>\n\n\n\n<p>La presidenta del Copipev, Godeleva Rosa Ortiz Viveros, record\u00f3 que los jubilados y pensionados salieron a las calles el 23 de diciembre de 2015, pero fueron desalojados y golpeados por elementos de la Secretar\u00eda de Seguridad P\u00fablica (SSP).<\/p>\n\n\n\n<p>\u201cPor \u00f3rdenes del gobernador Javier Duarte Ochoa, de su Secretario de Gobierno Flavino R\u00edos Alvarado y Arturo Berm\u00fadez Zurita como Secretario de Seguridad P\u00fablica, se dio la orden de reprimir a los manifestantes que est\u00e1bamos en la plaza Lerdo. Fuimos agredidos f\u00edsicamente y violentados en nuestro derecho a la voz y la denuncia y a pedir explicaciones por el impago de nuestras pensiones y aguinaldos, as\u00ed como por el destino de los recursos financieros e inmobiliarios que hab\u00edan estado saqueando de la Reserva T\u00e9cnica del IPE\u201d, expres\u00f3.<\/p>\n\n\n\n<p>Por dicha agresi\u00f3n, fue presentada una demanda en la Fiscal\u00eda General del Estado (FGE) y una queja en las Comisiones Estatal y Nacional de Derechos Humanos, mismas que calificaron la agresi\u00f3n como violatoria de los derechos humanos, expidiendo una recomendaci\u00f3n al IPE, a la FGE y al gobierno estatal, para resarcir el da\u00f1o causado a los adultos de la tercera edad.<\/p>\n\n\n\n<p>\u201cEl Gobierno del Estado, acatando una recomendaci\u00f3n de la CNDH ofreci\u00f3 una disculpa. Desde entonces, han pasado 8 a\u00f1os y la Fiscal\u00eda no ha podido reunir las evidencias de los autores en tan artera agresi\u00f3n\u201d, enfatiz\u00f3.<\/p>\n\n\n\n<p>Ortiz Viveros consider\u00f3 que hasta el momento no se han fincado responsabilidades por la agresi\u00f3n donde los granaderos golearon a los adultos mayores hasta con toletes el\u00e9ctricos.<\/p>\n\n\n\n<p>Los quejosos tambi\u00e9n se han manifestado para exigir al gobierno de la Cuarta Transformaci\u00f3n (4T) que los exfuncionarios se\u00f1alados sean encarcelados.<\/p>\n\n\n\n<p>Sin embargo, han pasado cuatro a\u00f1os de este gobierno estatal y los pensionados contin\u00faan en espera de que haya justicia en el caso.<\/p>\n","protected":false},"excerpt":{"rendered":"<p>Juan Arcos Xalapa, Ver.- Han pasado casi ocho a\u00f1os tras la agresi\u00f3n contra adultos mayores que se manifestaban en Xalapa para exigir el pago de su pensi\u00f3n y su caso sigue impune. La presidenta del Copipev, Godeleva Rosa Ortiz Viveros, record\u00f3 que los jubilados y pensionados salieron a las calles el 23 de diciembre de [&hellip;]<\/p>\n","protected":false},"author":2476,"featured_media":40766,"comment_status":"open","ping_status":"open","sticky":false,"template":"","format":"standard","meta":{"_jetpack_memberships_contains_paid_content":false,"footnotes":""},"categories":[2],"tags":[],"class_list":["post-40765","post","type-post","status-publish","format-standard","has-post-thumbnail","hentry","category-estado"],"jetpack_featured_media_url":"https:\/\/encuentroinformativo.com.mx\/wp-content\/uploads\/2023\/05\/IMG_7363.jpg","jetpack_sharing_enabled":true,"jetpack_likes_enabled":true,"amp_enabled":true,"_links":{"self":[{"href":"https:\/\/encuentroinformativo.com.mx\/index.php?rest_route=\/wp\/v2\/posts\/40765","targetHints":{"allow":["GET"]}}],"collection":[{"href":"https:\/\/encuentroinformativo.com.mx\/index.php?rest_route=\/wp\/v2\/posts"}],"about":[{"href":"https:\/\/encuentroinformativo.com.mx\/index.php?rest_route=\/wp\/v2\/types\/post"}],"author":[{"embeddable":true,"href":"https:\/\/encuentroinformativo.com.mx\/index.php?rest_route=\/wp\/v2\/users\/2476"}],"replies":[{"embeddable":true,"href":"https:\/\/encuentroinformativo.com.mx\/index.php?rest_route=%2Fwp%2Fv2%2Fcomments&post=40765"}],"version-history":[{"count":1,"href":"https:\/\/encuentroinformativo.com.mx\/index.php?rest_route=\/wp\/v2\/posts\/40765\/revisions"}],"predecessor-version":[{"id":40767,"href":"https:\/\/encuentroinformativo.com.mx\/index.php?rest_route=\/wp\/v2\/posts\/40765\/revisions\/40767"}],"wp:featuredmedia":[{"embeddable":true,"href":"https:\/\/encuentroinformativo.com.mx\/index.php?rest_route=\/wp\/v2\/media\/40766"}],"wp:attachment":[{"href":"https:\/\/encuentroinformativo.com.mx\/index.php?rest_route=%2Fwp%2Fv2%2Fmedia&parent=40765"}],"wp:term":[{"taxonomy":"category","embeddable":true,"href":"https:\/\/encuentroinformativo.com.mx\/index.php?rest_route=%2Fwp%2Fv2%2Fcategories&post=40765"},{"taxonomy":"post_tag","embeddable":true,"href":"https:\/\/encuentroinformativo.com.mx\/index.php?rest_route=%2Fwp%2Fv2%2Ftags&post=40765"}],"curies":[{"name":"wp","href":"https:\/\/api.w.org\/{rel}","templated":true}]}}