{"id":40768,"date":"2023-05-17T16:37:39","date_gmt":"2023-05-17T22:37:39","guid":{"rendered":"https:\/\/encuentroinformativo.com.mx\/?p=40768"},"modified":"2023-05-17T16:37:59","modified_gmt":"2023-05-17T22:37:59","slug":"logran-acuerdos-liberan-aduana-de-veracruz","status":"publish","type":"post","link":"https:\/\/encuentroinformativo.com.mx\/?p=40768","title":{"rendered":"Logran acuerdos, liberan aduana de Veracruz"},"content":{"rendered":"\n<p><strong>Dar\u00edo Pale <\/strong><\/p>\n\n\n\n<p>Xalapa, Ver.- Hay acuerdos, operadores de carga liberan aduana de Veracruz, adem\u00e1s no habr\u00e1 sanciones para los que se manifestaron, instalar\u00e1n 10 ba\u00f1os y se acuerda que a partir de esta fecha habr\u00e1 una comunicaci\u00f3n directa para resolver de mutuo acuerdo la problem\u00e1tica que se presente.<\/p>\n\n\n\n<p>Luego de m\u00e1s de 30 horas de bloqueo por parte de operadores del transporte de carga federal, en la aduana del puerto de Veracruz, poco antes de las 15:00 horas retiraron el bloqueo tras firmar una minuta en la que se establecen distintos compromisos.<\/p>\n\n\n\n<p>Con base en la minuta que firmaron los operadores y las autoridades de la Administraci\u00f3n del Sistema Portuario Nacional Veracruz (Asipona), la Asociaci\u00f3n de Autotransportistas de Veracruz (AAVAC), la Unidad Navales de Protecci\u00f3n Portuaria (UNAPROP-32) y la Canacar; se reconoci\u00f3 los efectos del proceso de desarrollo y equipamiento del nuevo puerto de Veracruz, mismo que afecta la operatividad.<\/p>\n\n\n\n<p>Por lo que se acuerda que a partir de esta fecha habr\u00e1 una comunicaci\u00f3n directa para resolver de mutuo acuerdo la problem\u00e1tica que se presente,motor lo que la Asipona Veracruz y la Aduana de Veracruz se comprometieron a desistirse, ante la autoridad correspondiente, de la denuncia por el bloqueo realizado.<\/p>\n\n\n\n<p>De igual forma, la Uni\u00f3n de Operadores del puerto de Veracruz se comprometi\u00f3 a liberar el bloqueo en el momento de la firma del documento.<\/p>\n\n\n\n<p>La Asipona y la Asociaci\u00f3n de Autotransportistas de Veracruz se comprometieron a instalar y habilitar de manera temporal cinco ba\u00f1os m\u00f3viles cada uno, haciendo un total de 10, ubicados a lo largo de las vialidades dentro del recinto portuario, en tanto que la aduana regulariza sus operaciones de revisi\u00f3n con equipos no intrusivos.<\/p>\n\n\n\n<p>Asimismo, acordaron que la aduana dar\u00e1 seguimiento y agilizar\u00e1 el tiempo de espera en la zona de la ruta fiscal y amarillos, abriendo cinco carriles de importaci\u00f3n de manera permanente, implementando el acceso a rayos gama en circulaci\u00f3n uno por uno, bajo el control de vialidades.\u00a0<\/p>\n\n\n\n<p>Tambi\u00e9n se comprometieron a instalar la se\u00f1al\u00e9tica correspondiente de circulaci\u00f3n &#8220;uno por uno&#8221; de igual manera, en el carril de vac\u00edos.<\/p>\n\n\n\n<p>La aduana asegur\u00f3 que se instruir\u00e1 y concientizar\u00e1 a su personal a fin de mejorar las actitudes de servicio, con base base en el C\u00f3digo de \u00c9tica de los servidores p\u00fablicos.<\/p>\n\n\n\n<p>El titular de la aduana pidi\u00f3 que en caso de existir alguna queja o maltrato por parte de un servidor p\u00fablico, se le comunique por escrito a trav\u00e9s de la AAVAC, previo an\u00e1lisis para tomar las acciones correspondientes.<\/p>\n\n\n\n<p>La Aduana y la Unidad Navales de Protecci\u00f3n Portuaria (UNAPROP-32) \u00a0se comprometieron, de acuerdo a su disponibilidad de equipos m\u00f3viles de revisi\u00f3n no intrusiva; realizar la revisi\u00f3n de contenedores, plataformas y g\u00f3ndolas vac\u00edas en la salida a la vialidad hac\u00eda el kil\u00f3metro 13.5, con la finalidad de dar fluidez a la operaci\u00f3n interna.<\/p>\n\n\n\n<p>De igual forma, la aduana autorizar\u00e1 la salida de camiones, tractocamiones con remolques vac\u00edos (porta contenedores, plataformas y lowboy), por la salida de importaci\u00f3n de la ZAL.<\/p>\n\n\n\n<p>Por \u00faltimo se autorizar\u00e1 la salida de g\u00f3ndolas vac\u00edas por el carril de circulaci\u00f3n de bah\u00eda sur a bah\u00eda norte.<\/p>\n","protected":false},"excerpt":{"rendered":"<p>Dar\u00edo Pale Xalapa, Ver.- Hay acuerdos, operadores de carga liberan aduana de Veracruz, adem\u00e1s no habr\u00e1 sanciones para los que se manifestaron, instalar\u00e1n 10 ba\u00f1os y se acuerda que a partir de esta fecha habr\u00e1 una comunicaci\u00f3n directa para resolver de mutuo acuerdo la problem\u00e1tica que se presente. Luego de m\u00e1s de 30 horas de [&hellip;]<\/p>\n","protected":false},"author":2476,"featured_media":40770,"comment_status":"open","ping_status":"open","sticky":false,"template":"","format":"standard","meta":{"_jetpack_memberships_contains_paid_content":false,"footnotes":""},"categories":[2],"tags":[],"class_list":["post-40768","post","type-post","status-publish","format-standard","has-post-thumbnail","hentry","category-estado"],"jetpack_featured_media_url":"https:\/\/encuentroinformativo.com.mx\/wp-content\/uploads\/2023\/05\/IMG-20230516-WA0072.jpg","jetpack_sharing_enabled":true,"jetpack_likes_enabled":true,"amp_enabled":true,"_links":{"self":[{"href":"https:\/\/encuentroinformativo.com.mx\/index.php?rest_route=\/wp\/v2\/posts\/40768","targetHints":{"allow":["GET"]}}],"collection":[{"href":"https:\/\/encuentroinformativo.com.mx\/index.php?rest_route=\/wp\/v2\/posts"}],"about":[{"href":"https:\/\/encuentroinformativo.com.mx\/index.php?rest_route=\/wp\/v2\/types\/post"}],"author":[{"embeddable":true,"href":"https:\/\/encuentroinformativo.com.mx\/index.php?rest_route=\/wp\/v2\/users\/2476"}],"replies":[{"embeddable":true,"href":"https:\/\/encuentroinformativo.com.mx\/index.php?rest_route=%2Fwp%2Fv2%2Fcomments&post=40768"}],"version-history":[{"count":1,"href":"https:\/\/encuentroinformativo.com.mx\/index.php?rest_route=\/wp\/v2\/posts\/40768\/revisions"}],"predecessor-version":[{"id":40771,"href":"https:\/\/encuentroinformativo.com.mx\/index.php?rest_route=\/wp\/v2\/posts\/40768\/revisions\/40771"}],"wp:featuredmedia":[{"embeddable":true,"href":"https:\/\/encuentroinformativo.com.mx\/index.php?rest_route=\/wp\/v2\/media\/40770"}],"wp:attachment":[{"href":"https:\/\/encuentroinformativo.com.mx\/index.php?rest_route=%2Fwp%2Fv2%2Fmedia&parent=40768"}],"wp:term":[{"taxonomy":"category","embeddable":true,"href":"https:\/\/encuentroinformativo.com.mx\/index.php?rest_route=%2Fwp%2Fv2%2Fcategories&post=40768"},{"taxonomy":"post_tag","embeddable":true,"href":"https:\/\/encuentroinformativo.com.mx\/index.php?rest_route=%2Fwp%2Fv2%2Ftags&post=40768"}],"curies":[{"name":"wp","href":"https:\/\/api.w.org\/{rel}","templated":true}]}}