{"id":40775,"date":"2023-05-17T18:05:16","date_gmt":"2023-05-18T00:05:16","guid":{"rendered":"https:\/\/encuentroinformativo.com.mx\/?p=40775"},"modified":"2023-05-17T18:05:19","modified_gmt":"2023-05-18T00:05:19","slug":"por-alerta-sismica-desalojan-edificios-publicos","status":"publish","type":"post","link":"https:\/\/encuentroinformativo.com.mx\/?p=40775","title":{"rendered":"Por alerta s\u00edsmica  desalojan edificios p\u00fablicos"},"content":{"rendered":"\n<p><strong>Dar\u00edo Pale <\/strong><\/p>\n\n\n\n<p>Xalapa, Ver.- Debido a que se activ\u00f3 la alerta s\u00edsmica fueron evacuados diferentes edificios p\u00fablicos lo cual ocasion\u00f3 que se cerrar\u00e1 la circulaci\u00f3n por unos minutos en la calle de Enr\u00edquez sin que se registrara ning\u00fan incidente.<\/p>\n\n\n\n<p>El Sistema Sismol\u00f3gico Nacional dio a conocer que a las 17:02:03 se registr\u00f3 el preliminar de un sismo con magnitud de 6.2 grados a 114 kil\u00f3metros al Este de Ciudad Hidalgo en Chiapas.<\/p>\n\n\n\n<p>Lo anterior ocasion\u00f3 que se activar\u00e1n las alertas s\u00edsmicas como en edificio de la rector\u00eda de la Universidad Veracruzana por lo que activaron los protocolos de evacuaci\u00f3n en los diferentes edificios de esa zona.<\/p>\n\n\n\n<p>De igual forma se activaron las alarmas de la torre central de la Secretar\u00eda de Seguridad P\u00fablica (SSP), y de Palacio de Gobierno donde de igual forma procedieron a desalojar los inmuebles por precauci\u00f3n y evitar alg\u00fan incidente.<\/p>\n\n\n\n<p>Los estudiantes de la universidad que se encuentra frente al teatro del estado de igual forma fueron evacuados en \u00e9l \u00e1rea verde que se encuentra entre la avenida Avila Camacho e Ignacio de la Llave.<\/p>\n\n\n\n<p>Finalmente cabe se\u00f1alar que personal que se encuentra laborando en el palacio municipal no percibieron la actividad s\u00edsmica por lo que continuaron con sus labores normales sin que fueran evacuados.<\/p>\n\n\n\n<figure class=\"wp-block-image size-large\"><img loading=\"lazy\" decoding=\"async\" width=\"1024\" height=\"576\" src=\"https:\/\/encuentroinformativo.com.mx\/wp-content\/uploads\/2023\/05\/IMG-20230517-WA0090-1024x576.jpg\" alt=\"\" class=\"wp-image-40777\" srcset=\"https:\/\/encuentroinformativo.com.mx\/wp-content\/uploads\/2023\/05\/IMG-20230517-WA0090-1024x576.jpg 1024w, https:\/\/encuentroinformativo.com.mx\/wp-content\/uploads\/2023\/05\/IMG-20230517-WA0090-300x169.jpg 300w, https:\/\/encuentroinformativo.com.mx\/wp-content\/uploads\/2023\/05\/IMG-20230517-WA0090-768x432.jpg 768w, https:\/\/encuentroinformativo.com.mx\/wp-content\/uploads\/2023\/05\/IMG-20230517-WA0090-1536x864.jpg 1536w, https:\/\/encuentroinformativo.com.mx\/wp-content\/uploads\/2023\/05\/IMG-20230517-WA0090.jpg 1600w\" sizes=\"auto, (max-width: 1024px) 100vw, 1024px\" \/><\/figure>\n","protected":false},"excerpt":{"rendered":"<p>Dar\u00edo Pale Xalapa, Ver.- Debido a que se activ\u00f3 la alerta s\u00edsmica fueron evacuados diferentes edificios p\u00fablicos lo cual ocasion\u00f3 que se cerrar\u00e1 la circulaci\u00f3n por unos minutos en la calle de Enr\u00edquez sin que se registrara ning\u00fan incidente. El Sistema Sismol\u00f3gico Nacional dio a conocer que a las 17:02:03 se registr\u00f3 el preliminar de [&hellip;]<\/p>\n","protected":false},"author":2476,"featured_media":40776,"comment_status":"open","ping_status":"open","sticky":false,"template":"","format":"standard","meta":{"_jetpack_memberships_contains_paid_content":false,"footnotes":""},"categories":[2],"tags":[],"class_list":["post-40775","post","type-post","status-publish","format-standard","has-post-thumbnail","hentry","category-estado"],"jetpack_featured_media_url":"https:\/\/encuentroinformativo.com.mx\/wp-content\/uploads\/2023\/05\/IMG-20230517-WA0093.jpg","jetpack_sharing_enabled":true,"jetpack_likes_enabled":true,"amp_enabled":true,"_links":{"self":[{"href":"https:\/\/encuentroinformativo.com.mx\/index.php?rest_route=\/wp\/v2\/posts\/40775","targetHints":{"allow":["GET"]}}],"collection":[{"href":"https:\/\/encuentroinformativo.com.mx\/index.php?rest_route=\/wp\/v2\/posts"}],"about":[{"href":"https:\/\/encuentroinformativo.com.mx\/index.php?rest_route=\/wp\/v2\/types\/post"}],"author":[{"embeddable":true,"href":"https:\/\/encuentroinformativo.com.mx\/index.php?rest_route=\/wp\/v2\/users\/2476"}],"replies":[{"embeddable":true,"href":"https:\/\/encuentroinformativo.com.mx\/index.php?rest_route=%2Fwp%2Fv2%2Fcomments&post=40775"}],"version-history":[{"count":1,"href":"https:\/\/encuentroinformativo.com.mx\/index.php?rest_route=\/wp\/v2\/posts\/40775\/revisions"}],"predecessor-version":[{"id":40778,"href":"https:\/\/encuentroinformativo.com.mx\/index.php?rest_route=\/wp\/v2\/posts\/40775\/revisions\/40778"}],"wp:featuredmedia":[{"embeddable":true,"href":"https:\/\/encuentroinformativo.com.mx\/index.php?rest_route=\/wp\/v2\/media\/40776"}],"wp:attachment":[{"href":"https:\/\/encuentroinformativo.com.mx\/index.php?rest_route=%2Fwp%2Fv2%2Fmedia&parent=40775"}],"wp:term":[{"taxonomy":"category","embeddable":true,"href":"https:\/\/encuentroinformativo.com.mx\/index.php?rest_route=%2Fwp%2Fv2%2Fcategories&post=40775"},{"taxonomy":"post_tag","embeddable":true,"href":"https:\/\/encuentroinformativo.com.mx\/index.php?rest_route=%2Fwp%2Fv2%2Ftags&post=40775"}],"curies":[{"name":"wp","href":"https:\/\/api.w.org\/{rel}","templated":true}]}}