{"id":40782,"date":"2023-05-17T21:48:10","date_gmt":"2023-05-18T03:48:10","guid":{"rendered":"https:\/\/encuentroinformativo.com.mx\/?p=40782"},"modified":"2023-05-17T21:48:14","modified_gmt":"2023-05-18T03:48:14","slug":"integrantes-de-la-comunidad-lgbtttiq-reclaman-cese-a-la-discriminacion-y-violencia","status":"publish","type":"post","link":"https:\/\/encuentroinformativo.com.mx\/?p=40782","title":{"rendered":"Integrantes de la comunidad LGBTTTIQ reclaman cese a la discriminaci\u00f3n y violencia"},"content":{"rendered":"\n<p><strong>Juan Arcos\/Dar\u00edo Pale <\/strong><\/p>\n\n\n\n<p>Xalapa, Ver.- Decenas de integrantes de la comunidad LGBTTTIQ protestaron frente a Palacio de Gobierno, en la zona centro de la ciudad de Xalapa, para exigir que cese la discriminaci\u00f3n y la violencia en su contra.<\/p>\n\n\n\n<p>Durante el <strong>D\u00eda Internacional contra la Homofobia, Transfobia y la Biofobia <\/strong>repudiaron que Veracruz ocupe el primer lugar nacional con m\u00e1s cr\u00edmenes de odio por orientaci\u00f3n sexual o identidad de g\u00e9nero.<\/p>\n\n\n\n<p>De 2015 a 2022 se han contabilizado 95 homicidios y de enero a la fecha de este a\u00f1o suman cuatro asesinatos m\u00e1s. La mayor\u00eda de las v\u00edctimas fueron mujeres trans, homosexuales, lesbianas y hombres trans, de entre 15 y 59 a\u00f1os de edad.<\/p>\n\n\n\n<p>De acuerdo con David Campos, del Colectivo El Taller, la mayor\u00eda de los cr\u00edmenes de odio por homofobia y transfobia siguen en la impunidad.<\/p>\n\n\n\n<p>\u201cIndudablemente estos hechos muestran las debilidades del sistema de justicia del estado insensibles, sin perspectiva de g\u00e9nero, de diversidad sexual, y de derechos humanos\u201d, increp\u00f3.<\/p>\n\n\n\n<p>El entrevistado indic\u00f3 que la responsabilidad no s\u00f3lo es de las instituciones, sino tambi\u00e9n, de la sociedad en general que es \u201cindiferente\u201d.<\/p>\n\n\n\n<p>\u201cEn el d\u00eda a d\u00eda, las personas disidentes sexuales vivimos invisibilizaci\u00f3n, censura, desprecio, maltrato, violencia y toda una amplia gama de discriminaci\u00f3n normalizada por los h\u00e1bitos y la ideolog\u00eda machista a la que se niegan a renunciar\u201d, a\u00f1adi\u00f3.<\/p>\n\n\n\n<p>En ese sentido, hicieron un llamado a las autoridades gubernamentales y al Congreso del Estado, para que, de forma congruente con el proyecto transformador que dicen representar y poner en acci\u00f3n, solventen y acorten la brecha de discriminaci\u00f3n y desigualdad que las poblaciones diversas viven en la entidad.<\/p>\n\n\n\n<p>Del mismo modo, detall\u00f3 que seg\u00fan las \u00faltimas cifras del INEGI, Veracruz es el mayor estado con poblaci\u00f3n LGBTTTIQ +, lo cual habla mucho de que se le tiene que poner mucha atenci\u00f3n al tema de pol\u00edticas p\u00fablicas para ellos ya que es el tercer estado con mayor poblaci\u00f3n.<\/p>\n\n\n\n<p>Coment\u00f3 que afortunadamente el a\u00f1o pasado se aprob\u00f3 el matrimonio igualitario y Tamaulipas fue el \u00faltimo estado en hacerlo, no obstante hay muchos pendientes en las cuestiones legislativas en todo el pa\u00eds y en el Congreso del Estado hay dos propuestas que no avanzan, entre estas la propuesta de una fiscal\u00eda especializada para cr\u00edmenes de odio.<\/p>\n\n\n\n<p>El tema de los transfeminicidios que es lo que m\u00e1s les afecta ya que a nivel estatal tienen contabilizados 95 homicidios, este a\u00f1o van cuatro asesinatos m\u00e1s, pero siguen siendo las personas trans las m\u00e1s afectadas y es la m\u00e1s discriminada aunque no dio cifras.<\/p>\n\n\n\n<p>Mientras que en el tema laboral es un claro ejemplo ya que no se ven chicas trans en alguna dependencia de gobierno o bancaria incluso atendiendo a los clientes, por lo que tienen mucho que trabajar culturalmente hablando.<\/p>\n\n\n\n<p>El mundo evoluciona constantemente y tienen que adaptarse a todo lo diverso ya que antes no pod\u00edan ver, actualmente tienen dos tipos de demandas como colectivo y no s\u00f3lo es demandar a las autoridades si no tambi\u00e9n a la sociedad civil.<\/p>\n\n\n\n<p>Coment\u00f3 que si no trabajan de la mano con las autoridades tampoco har\u00e1n todo por ellos, hay un tema de educaci\u00f3n, cultural, familiar, y que no tiene que ver nada con la moral o la \u00e9tica,mes m\u00e1s un tema de educaci\u00f3n sexual y eso afecta a todos los movimientos.<\/p>\n\n\n\n<p>Se\u00f1al\u00f3 que la discriminaci\u00f3n, estigmatizaci\u00f3n y los cr\u00edmenes de odio son expresiones graves de desigualdad, &#8220;a pesar de eso, seguimos trabajando por impulsar y visibilizar el problema, luchemos porque esto cambie, por los y las que vienen, por quienes estamos&#8221;.<\/p>\n\n\n\n<figure class=\"wp-block-gallery columns-3 is-cropped wp-block-gallery-1 is-layout-flex wp-block-gallery-is-layout-flex\"><ul class=\"blocks-gallery-grid\"><li class=\"blocks-gallery-item\"><figure><img loading=\"lazy\" decoding=\"async\" width=\"1024\" height=\"683\" src=\"https:\/\/encuentroinformativo.com.mx\/wp-content\/uploads\/2023\/05\/Photo_1684380701872-1024x683.jpg\" alt=\"\" data-id=\"40784\" data-full-url=\"https:\/\/encuentroinformativo.com.mx\/wp-content\/uploads\/2023\/05\/Photo_1684380701872.jpg\" data-link=\"https:\/\/encuentroinformativo.com.mx\/?attachment_id=40784\" class=\"wp-image-40784\" srcset=\"https:\/\/encuentroinformativo.com.mx\/wp-content\/uploads\/2023\/05\/Photo_1684380701872-1024x683.jpg 1024w, https:\/\/encuentroinformativo.com.mx\/wp-content\/uploads\/2023\/05\/Photo_1684380701872-300x200.jpg 300w, https:\/\/encuentroinformativo.com.mx\/wp-content\/uploads\/2023\/05\/Photo_1684380701872-768x512.jpg 768w, https:\/\/encuentroinformativo.com.mx\/wp-content\/uploads\/2023\/05\/Photo_1684380701872-1536x1024.jpg 1536w, https:\/\/encuentroinformativo.com.mx\/wp-content\/uploads\/2023\/05\/Photo_1684380701872.jpg 1968w\" sizes=\"auto, (max-width: 1024px) 100vw, 1024px\" \/><\/figure><\/li><li class=\"blocks-gallery-item\"><figure><img loading=\"lazy\" decoding=\"async\" width=\"1024\" height=\"683\" src=\"https:\/\/encuentroinformativo.com.mx\/wp-content\/uploads\/2023\/05\/Photo_1684380672938-1024x683.jpg\" alt=\"\" data-id=\"40785\" data-full-url=\"https:\/\/encuentroinformativo.com.mx\/wp-content\/uploads\/2023\/05\/Photo_1684380672938.jpg\" data-link=\"https:\/\/encuentroinformativo.com.mx\/?attachment_id=40785\" class=\"wp-image-40785\" srcset=\"https:\/\/encuentroinformativo.com.mx\/wp-content\/uploads\/2023\/05\/Photo_1684380672938-1024x683.jpg 1024w, https:\/\/encuentroinformativo.com.mx\/wp-content\/uploads\/2023\/05\/Photo_1684380672938-300x200.jpg 300w, https:\/\/encuentroinformativo.com.mx\/wp-content\/uploads\/2023\/05\/Photo_1684380672938-768x512.jpg 768w, https:\/\/encuentroinformativo.com.mx\/wp-content\/uploads\/2023\/05\/Photo_1684380672938-1536x1024.jpg 1536w, https:\/\/encuentroinformativo.com.mx\/wp-content\/uploads\/2023\/05\/Photo_1684380672938.jpg 1968w\" sizes=\"auto, (max-width: 1024px) 100vw, 1024px\" \/><\/figure><\/li><li class=\"blocks-gallery-item\"><figure><img loading=\"lazy\" decoding=\"async\" width=\"1024\" height=\"683\" src=\"https:\/\/encuentroinformativo.com.mx\/wp-content\/uploads\/2023\/05\/Photo_1684380648389-1024x683.jpg\" alt=\"\" data-id=\"40786\" data-full-url=\"https:\/\/encuentroinformativo.com.mx\/wp-content\/uploads\/2023\/05\/Photo_1684380648389.jpg\" data-link=\"https:\/\/encuentroinformativo.com.mx\/?attachment_id=40786\" class=\"wp-image-40786\" srcset=\"https:\/\/encuentroinformativo.com.mx\/wp-content\/uploads\/2023\/05\/Photo_1684380648389-1024x683.jpg 1024w, https:\/\/encuentroinformativo.com.mx\/wp-content\/uploads\/2023\/05\/Photo_1684380648389-300x200.jpg 300w, https:\/\/encuentroinformativo.com.mx\/wp-content\/uploads\/2023\/05\/Photo_1684380648389-768x512.jpg 768w, https:\/\/encuentroinformativo.com.mx\/wp-content\/uploads\/2023\/05\/Photo_1684380648389-1536x1024.jpg 1536w, https:\/\/encuentroinformativo.com.mx\/wp-content\/uploads\/2023\/05\/Photo_1684380648389.jpg 1968w\" sizes=\"auto, (max-width: 1024px) 100vw, 1024px\" \/><\/figure><\/li><li class=\"blocks-gallery-item\"><figure><img loading=\"lazy\" decoding=\"async\" width=\"1024\" height=\"683\" src=\"https:\/\/encuentroinformativo.com.mx\/wp-content\/uploads\/2023\/05\/Photo_1684380514476-1024x683.jpg\" alt=\"\" data-id=\"40787\" data-full-url=\"https:\/\/encuentroinformativo.com.mx\/wp-content\/uploads\/2023\/05\/Photo_1684380514476.jpg\" data-link=\"https:\/\/encuentroinformativo.com.mx\/?attachment_id=40787\" class=\"wp-image-40787\" srcset=\"https:\/\/encuentroinformativo.com.mx\/wp-content\/uploads\/2023\/05\/Photo_1684380514476-1024x683.jpg 1024w, https:\/\/encuentroinformativo.com.mx\/wp-content\/uploads\/2023\/05\/Photo_1684380514476-300x200.jpg 300w, https:\/\/encuentroinformativo.com.mx\/wp-content\/uploads\/2023\/05\/Photo_1684380514476-768x512.jpg 768w, https:\/\/encuentroinformativo.com.mx\/wp-content\/uploads\/2023\/05\/Photo_1684380514476-1536x1024.jpg 1536w, https:\/\/encuentroinformativo.com.mx\/wp-content\/uploads\/2023\/05\/Photo_1684380514476.jpg 1968w\" sizes=\"auto, (max-width: 1024px) 100vw, 1024px\" \/><\/figure><\/li><\/ul><\/figure>\n","protected":false},"excerpt":{"rendered":"<p>Juan Arcos\/Dar\u00edo Pale Xalapa, Ver.- Decenas de integrantes de la comunidad LGBTTTIQ protestaron frente a Palacio de Gobierno, en la zona centro de la ciudad de Xalapa, para exigir que cese la discriminaci\u00f3n y la violencia en su contra. Durante el D\u00eda Internacional contra la Homofobia, Transfobia y la Biofobia repudiaron que Veracruz ocupe el [&hellip;]<\/p>\n","protected":false},"author":2476,"featured_media":40783,"comment_status":"open","ping_status":"open","sticky":false,"template":"","format":"standard","meta":{"_jetpack_memberships_contains_paid_content":false,"footnotes":""},"categories":[3],"tags":[],"class_list":["post-40782","post","type-post","status-publish","format-standard","has-post-thumbnail","hentry","category-xalapa"],"jetpack_featured_media_url":"https:\/\/encuentroinformativo.com.mx\/wp-content\/uploads\/2023\/05\/Photo_1684380731779.jpg","jetpack_sharing_enabled":true,"jetpack_likes_enabled":true,"amp_enabled":true,"_links":{"self":[{"href":"https:\/\/encuentroinformativo.com.mx\/index.php?rest_route=\/wp\/v2\/posts\/40782","targetHints":{"allow":["GET"]}}],"collection":[{"href":"https:\/\/encuentroinformativo.com.mx\/index.php?rest_route=\/wp\/v2\/posts"}],"about":[{"href":"https:\/\/encuentroinformativo.com.mx\/index.php?rest_route=\/wp\/v2\/types\/post"}],"author":[{"embeddable":true,"href":"https:\/\/encuentroinformativo.com.mx\/index.php?rest_route=\/wp\/v2\/users\/2476"}],"replies":[{"embeddable":true,"href":"https:\/\/encuentroinformativo.com.mx\/index.php?rest_route=%2Fwp%2Fv2%2Fcomments&post=40782"}],"version-history":[{"count":1,"href":"https:\/\/encuentroinformativo.com.mx\/index.php?rest_route=\/wp\/v2\/posts\/40782\/revisions"}],"predecessor-version":[{"id":40788,"href":"https:\/\/encuentroinformativo.com.mx\/index.php?rest_route=\/wp\/v2\/posts\/40782\/revisions\/40788"}],"wp:featuredmedia":[{"embeddable":true,"href":"https:\/\/encuentroinformativo.com.mx\/index.php?rest_route=\/wp\/v2\/media\/40783"}],"wp:attachment":[{"href":"https:\/\/encuentroinformativo.com.mx\/index.php?rest_route=%2Fwp%2Fv2%2Fmedia&parent=40782"}],"wp:term":[{"taxonomy":"category","embeddable":true,"href":"https:\/\/encuentroinformativo.com.mx\/index.php?rest_route=%2Fwp%2Fv2%2Fcategories&post=40782"},{"taxonomy":"post_tag","embeddable":true,"href":"https:\/\/encuentroinformativo.com.mx\/index.php?rest_route=%2Fwp%2Fv2%2Ftags&post=40782"}],"curies":[{"name":"wp","href":"https:\/\/api.w.org\/{rel}","templated":true}]}}