{"id":40791,"date":"2023-05-18T10:00:14","date_gmt":"2023-05-18T16:00:14","guid":{"rendered":"https:\/\/encuentroinformativo.com.mx\/?p=40791"},"modified":"2023-05-18T10:00:18","modified_gmt":"2023-05-18T16:00:18","slug":"ex-fiscal-solo-retrasa-lo-inevitable-y-seguira-entambado-reyes-peralta","status":"publish","type":"post","link":"https:\/\/encuentroinformativo.com.mx\/?p=40791","title":{"rendered":"EX FISCAL S\u00d3LO RETRASA LO INEVITABLE\u2026 Y SEGUIR\u00c1 ENTAMBADO: REYES PERALTA"},"content":{"rendered":"\n<p><strong>ColumnaSinNombre<br>@pablojair<\/strong><\/p>\n\n\n\n<ul class=\"wp-block-list\"><li>De cuando te vale cacahuate la austeridad.<\/li><li>Cierre de Mixup en Coatzacoalcos.<\/li><li>&#8220;Tranquilincencen&#8221;: ser\u00e1 por encuesta.<\/li><\/ul>\n\n\n\n<p>El &#8220;pukta genio&#8221; de la semana: el alcalde de El Higo<br>&#8211;Chopenjawer<\/p>\n\n\n\n<p>Para el experto abogado penalista, Jorge Reyes Peralta, lo del amparo al ex fiscal de Veracruz, Jorge \u201cN&#8221;, s\u00f3lo retrasa lo inevitable: que siga en prisi\u00f3n por m\u00e1s tiempo hasta que &#8211;pronostica&#8211; le vuelvan a vincular a proceso por los delitos que lo tienen entambado en el penal del Altiplano, en espera de sentencia.<\/p>\n\n\n\n<p>Reyes Peralta lo explica detalladamente: &#8220;Enterado de lo que dicen los medios de que le fue concedido un amparo al ex fiscal Jorge &#8220;N&#8221;, los t\u00e9cnicos del derecho entendemos que el amparo es para efectos\u2026 \u00bfCu\u00e1les son los efectos? Dice que el juez de distrito (o dice as\u00ed la nota) que se violaron derechos fundamentales y el amparo es para el efecto de que el juez se vuelva a pronunciar y dicte una resoluci\u00f3n nueva, la cual es con plenitud de jurisdicci\u00f3n; esto es: lo puede no vincular o puede reiterar la vinculaci\u00f3n por la cual yo me pronuncio&#8221;.<\/p>\n\n\n\n<p>Y subraya: &#8220;Un juez del estado de Veracruz jam\u00e1s le va a dictar no vinculaci\u00f3n; o sea que por default, lo van a volver vincular&#8221;.<\/p>\n\n\n\n<p>Tambi\u00e9n se\u00f1ala que este proceso lleva un tiempo: &#8220;El juez federal, lo marca la Ley de Amparo, puede dar los efectos inmediatos seg\u00fan amparo. Yo he visto, por mi experiencia, que no lo dan tan f\u00e1cil a\u00fan cuando lo prev\u00e9 la ley. Entonces esa sentencia tendr\u00e1 que causar ejecutoria hasta que llegue a un Tribunal Colegiado, porque no dudo que la Fiscal\u00eda va a interponer el recurso de revisi\u00f3n&#8221;.<\/p>\n\n\n\n<p>Prosigue: &#8220;\u00bfQu\u00e9 van a hacer los jueces del Colegiado? Bueno, se va a ir a la revisi\u00f3n: la Fiscal\u00eda diciendo que no est\u00e1n de acuerdo con la resoluci\u00f3n del juez, y el propio defensor o el propio Jorge &#8220;N&#8221; podr\u00e1n irse tambi\u00e9n a la revisi\u00f3n, a ver si mejora&#8221;.<\/p>\n\n\n\n<p>Seg\u00fan su experiencia, Reyes Peralta comenta que los tribunales colegiados jam\u00e1s se quieren arrogar facultades de jueces: &#8220;entonces segurito la van a confirmar&#8221;.<\/p>\n\n\n\n<p>Aclara el litigante: &#8220;Una vez que cause ejecutoria va a llegar otra vez al juez de control, el que conoce el asunto de Jorge &#8220;N&#8221;, y el juez una vez que analice todo, como le dieron plenitud de jurisdicci\u00f3n, va a reiterar el auto de vinculaci\u00f3n&#8221;.<\/p>\n\n\n\n<p>&#8211;\u00bfCu\u00e1nto tiempo todo este rollo, abogado?<br>&#8211;Estamos en mayo, yo pienso que para enero del pr\u00f3ximo a\u00f1o estar\u00edamos sabiendo cu\u00e1l es su pr\u00f3xima resoluci\u00f3n (del juez de control), pero de mientras se queda con la nueva vinculaci\u00f3n y la revisi\u00f3n, que tarda de 4 a 6 meses.<\/p>\n\n\n\n<p>&#8220;Lo hemos vivido en otros casos&#8221;, finaliza.<\/p>\n\n\n\n<p>Hoy por la ma\u00f1ana, el gobernador Cuitl\u00e1huac Garc\u00eda Jim\u00e9nez dio a conocer que, seg\u00fan la titular de la Fiscal\u00eda, Ver\u00f3nica Hern\u00e1ndez, no les ha llegado notificaci\u00f3n alguna del caso.<\/p>\n\n\n\n<p>De hecho, critic\u00f3 que este tipo de amparos federales son el ejemplo de c\u00f3mo personajes pol\u00edticos de mucho poder o dinero, son los beneficiados por el Poder Judicial, al que le ir\u00e1n a protestar este s\u00e1bado all\u00e1 en la sede de la Suprema Corte de Justicia de la Naci\u00f3n.<\/p>\n\n\n\n<p>&#8220;Otra raya m\u00e1s al tigre&#8221;, enfatiz\u00f3.<\/p>\n\n\n\n<p>A ver en qu\u00e9 termina el caso, porque como van las cosas, salvo que llegue a gobernar un amigo o un aliado (escenario tambi\u00e9n lejano hasta el momento), a Jorge &#8220;N&#8221; se ve que le espera largo rato en la c\u00e1rcel, posponiendo su propio proceso tras las rejas.<\/p>\n\n\n\n<p>Cada quien sus demonios.<\/p>\n\n\n\n<p><strong>NOTA PARA PEGAR EN EL REFRI:<\/strong> Cumplea\u00f1os en tiempos de la 4T: hay diferencia entre los que se formaron en la izquierda, como el gobernador, apegado a la austeridad que ayer reconoci\u00f3 &#8211;por ejemplo&#8211; en magistrados del Poder Judicial; y los que se formaron toda su vida en el PRI, con una presencia mediocre y donde nunca lo pelaron por falta de brillantez\u2026 demostrada ayer en Coatepec\u2026 \u00bfLibro recomendado para estos casos? &#8220;El priista que todos llevamos dentro&#8221;, de Nacho Lozano y Mar\u00eda Scherer\u2026 Que sigan los excesos, chingao.<\/p>\n\n\n\n<p><strong>OTRA NOTA:<\/strong> Una nota que entristeci\u00f3 a muchos mel\u00f3manos de Coatzacoalcos fue el cierre de la tienda Mixup, que en su momento era la parada obligada en la plaza comercial Forum para ir a comprar discos, libros o cualquier gadget de moda\u2026 En Xalapa, la misma tienda tambi\u00e9n se ha ido convirtiendo en un lugar donde han retacado los espacios para vender bocinas que se consiguen en internet, mandando la m\u00fasica hasta atr\u00e1s, donde apenas y se ven los viniles y los discos compactos\u2026 Lo que m\u00e1s o menos ayuda a sobrevivir dicha tienda, son los productos Mac, pero en definitiva son las plataformas digitales lo que est\u00e1 matando a la industria del disco y la experiencia de ir a buscarlos.<\/p>\n\n\n\n<p><strong>LA \u00daLTIMA PORQUE YA LLUEVE:<\/strong> No hay que moverle mucho al tema de qui\u00e9n ser\u00eda el candidato o candidata de Morena a la gubernatura de Veracruz, y as\u00ed lo reafirm\u00f3 el g\u00f3ber Cuitl\u00e1huac este mi\u00e9rcoles en conferencia de prensa: &#8220;Ese es el mecanismo m\u00e1s democr\u00e1tico al interior de un partido, la encuesta, pero claro, la que se delimita para evitar el famoso \u2018cuchareo\u2019 (\u2026) Y as\u00ed se va a decidir la gubernatura de Veracruz y en todas las gubernaturas que se van a disputar. Tengo entendido que lo \u00fanico que hay que cuidar es el g\u00e9nero, cinco y cuatro y eso va a poner en problemas a otros partidos, pero en nuestro movimiento no lo creo&#8221;.<\/p>\n","protected":false},"excerpt":{"rendered":"<p>ColumnaSinNombre@pablojair De cuando te vale cacahuate la austeridad. Cierre de Mixup en Coatzacoalcos. &#8220;Tranquilincencen&#8221;: ser\u00e1 por encuesta. El &#8220;pukta genio&#8221; de la semana: el alcalde de El Higo&#8211;Chopenjawer Para el experto abogado penalista, Jorge Reyes Peralta, lo del amparo al ex fiscal de Veracruz, Jorge \u201cN&#8221;, s\u00f3lo retrasa lo inevitable: que siga en prisi\u00f3n por [&hellip;]<\/p>\n","protected":false},"author":2476,"featured_media":488,"comment_status":"open","ping_status":"open","sticky":false,"template":"","format":"standard","meta":{"_jetpack_memberships_contains_paid_content":false,"footnotes":""},"categories":[11],"tags":[],"class_list":["post-40791","post","type-post","status-publish","format-standard","has-post-thumbnail","hentry","category-opinion"],"jetpack_featured_media_url":"https:\/\/encuentroinformativo.com.mx\/wp-content\/uploads\/2020\/03\/F471F608-BA1A-416B-BA7B-BCFB24F4E6D0.jpeg","jetpack_sharing_enabled":true,"jetpack_likes_enabled":true,"amp_enabled":true,"_links":{"self":[{"href":"https:\/\/encuentroinformativo.com.mx\/index.php?rest_route=\/wp\/v2\/posts\/40791","targetHints":{"allow":["GET"]}}],"collection":[{"href":"https:\/\/encuentroinformativo.com.mx\/index.php?rest_route=\/wp\/v2\/posts"}],"about":[{"href":"https:\/\/encuentroinformativo.com.mx\/index.php?rest_route=\/wp\/v2\/types\/post"}],"author":[{"embeddable":true,"href":"https:\/\/encuentroinformativo.com.mx\/index.php?rest_route=\/wp\/v2\/users\/2476"}],"replies":[{"embeddable":true,"href":"https:\/\/encuentroinformativo.com.mx\/index.php?rest_route=%2Fwp%2Fv2%2Fcomments&post=40791"}],"version-history":[{"count":1,"href":"https:\/\/encuentroinformativo.com.mx\/index.php?rest_route=\/wp\/v2\/posts\/40791\/revisions"}],"predecessor-version":[{"id":40792,"href":"https:\/\/encuentroinformativo.com.mx\/index.php?rest_route=\/wp\/v2\/posts\/40791\/revisions\/40792"}],"wp:featuredmedia":[{"embeddable":true,"href":"https:\/\/encuentroinformativo.com.mx\/index.php?rest_route=\/wp\/v2\/media\/488"}],"wp:attachment":[{"href":"https:\/\/encuentroinformativo.com.mx\/index.php?rest_route=%2Fwp%2Fv2%2Fmedia&parent=40791"}],"wp:term":[{"taxonomy":"category","embeddable":true,"href":"https:\/\/encuentroinformativo.com.mx\/index.php?rest_route=%2Fwp%2Fv2%2Fcategories&post=40791"},{"taxonomy":"post_tag","embeddable":true,"href":"https:\/\/encuentroinformativo.com.mx\/index.php?rest_route=%2Fwp%2Fv2%2Ftags&post=40791"}],"curies":[{"name":"wp","href":"https:\/\/api.w.org\/{rel}","templated":true}]}}