{"id":40793,"date":"2023-05-18T10:06:53","date_gmt":"2023-05-18T16:06:53","guid":{"rendered":"https:\/\/encuentroinformativo.com.mx\/?p=40793"},"modified":"2023-05-18T10:06:56","modified_gmt":"2023-05-18T16:06:56","slug":"solicita-regidora-coronar-a-comunidad-lgbt-en-mismo-recinto-que-corte-real","status":"publish","type":"post","link":"https:\/\/encuentroinformativo.com.mx\/?p=40793","title":{"rendered":"Solicita regidora coronar a comunidad LGBT en mismo recinto que Corte Real"},"content":{"rendered":"\n<p><strong>Alejandro \u00c1vila<\/strong><\/p>\n\n\n\n<p>Veracruz, Ver.- En la \u00faltima sesi\u00f3n de Cabildo del Ayuntamiento de Veracruz, la regidora priista, Belem Palmeros Exsome, solicit\u00f3 durante los Asuntos Generales, que en la pr\u00f3xima sesi\u00f3n se turne a votaci\u00f3n el que la Corte de la comunidad LGBT ocupe el mismo recinto para su coronaci\u00f3n, que el de la Corte Real del Carnaval 2023.<\/p>\n\n\n\n<p>La edil aprovech\u00f3 que la sesi\u00f3n de Cabildo se realiz\u00f3 la tarde de este mi\u00e9rcoles 17 de mayo, justo en el D\u00eda Internacional de la Lucha contra la Homofobia Transfobia y Bifobia, para hacer esta petici\u00f3n.<\/p>\n\n\n\n<p>Belem Palmeros record\u00f3 que, el propio Ayuntamiento acaba de firmar un convenio con la Comisi\u00f3n Estatal de Derechos Humanos (CEDH), a cargo de Namiko Matzumoto, para promover un municipio libre de discriminaci\u00f3n.<\/p>\n\n\n\n<p>&#8220;De esta manera, en ese tenor de ideas es que me atrevo a proponerles dar un paso m\u00e1s all\u00e1 a la igualdad de todas, todos y todes, invit\u00e1ndolos a apoyar la coronaci\u00f3n del Rey y la Reina de esta comunidad en igualdad de condiciones que la Corte Real de nuestro Carnaval 2023, facilitandoles para la realizaci\u00f3n de la misma, el mismo recinto que se ocupar\u00e1 para la Corte Real, y que como siempre sean ellos mismos encargados de la organizaci\u00f3n de dicho evento&#8221;, expres\u00f3, Belem Palmeros Exsome.<\/p>\n\n\n\n<p>Cabe mencionar que durante los \u00faltimos a\u00f1os la coronaci\u00f3n de la Corte Real del Carnaval de Veracruz se ha realizado en la Macro Plaza del Malec\u00f3n; sin embargo se rumora que para esta edici\u00f3n, la 99, la investidura de los soberanos se realizar\u00e1 en el teatro &#8220;Francisco Javier Clavijero&#8221;.<\/p>\n","protected":false},"excerpt":{"rendered":"<p>Alejandro \u00c1vila Veracruz, Ver.- En la \u00faltima sesi\u00f3n de Cabildo del Ayuntamiento de Veracruz, la regidora priista, Belem Palmeros Exsome, solicit\u00f3 durante los Asuntos Generales, que en la pr\u00f3xima sesi\u00f3n se turne a votaci\u00f3n el que la Corte de la comunidad LGBT ocupe el mismo recinto para su coronaci\u00f3n, que el de la Corte Real [&hellip;]<\/p>\n","protected":false},"author":2476,"featured_media":40794,"comment_status":"open","ping_status":"open","sticky":false,"template":"","format":"standard","meta":{"_jetpack_memberships_contains_paid_content":false,"footnotes":""},"categories":[2],"tags":[],"class_list":["post-40793","post","type-post","status-publish","format-standard","has-post-thumbnail","hentry","category-estado"],"jetpack_featured_media_url":"https:\/\/encuentroinformativo.com.mx\/wp-content\/uploads\/2023\/05\/IMG-20230518-WA0002.jpg","jetpack_sharing_enabled":true,"jetpack_likes_enabled":true,"amp_enabled":true,"_links":{"self":[{"href":"https:\/\/encuentroinformativo.com.mx\/index.php?rest_route=\/wp\/v2\/posts\/40793","targetHints":{"allow":["GET"]}}],"collection":[{"href":"https:\/\/encuentroinformativo.com.mx\/index.php?rest_route=\/wp\/v2\/posts"}],"about":[{"href":"https:\/\/encuentroinformativo.com.mx\/index.php?rest_route=\/wp\/v2\/types\/post"}],"author":[{"embeddable":true,"href":"https:\/\/encuentroinformativo.com.mx\/index.php?rest_route=\/wp\/v2\/users\/2476"}],"replies":[{"embeddable":true,"href":"https:\/\/encuentroinformativo.com.mx\/index.php?rest_route=%2Fwp%2Fv2%2Fcomments&post=40793"}],"version-history":[{"count":1,"href":"https:\/\/encuentroinformativo.com.mx\/index.php?rest_route=\/wp\/v2\/posts\/40793\/revisions"}],"predecessor-version":[{"id":40795,"href":"https:\/\/encuentroinformativo.com.mx\/index.php?rest_route=\/wp\/v2\/posts\/40793\/revisions\/40795"}],"wp:featuredmedia":[{"embeddable":true,"href":"https:\/\/encuentroinformativo.com.mx\/index.php?rest_route=\/wp\/v2\/media\/40794"}],"wp:attachment":[{"href":"https:\/\/encuentroinformativo.com.mx\/index.php?rest_route=%2Fwp%2Fv2%2Fmedia&parent=40793"}],"wp:term":[{"taxonomy":"category","embeddable":true,"href":"https:\/\/encuentroinformativo.com.mx\/index.php?rest_route=%2Fwp%2Fv2%2Fcategories&post=40793"},{"taxonomy":"post_tag","embeddable":true,"href":"https:\/\/encuentroinformativo.com.mx\/index.php?rest_route=%2Fwp%2Fv2%2Ftags&post=40793"}],"curies":[{"name":"wp","href":"https:\/\/api.w.org\/{rel}","templated":true}]}}