{"id":40799,"date":"2023-05-18T12:10:01","date_gmt":"2023-05-18T18:10:01","guid":{"rendered":"https:\/\/encuentroinformativo.com.mx\/?p=40799"},"modified":"2023-05-18T12:10:05","modified_gmt":"2023-05-18T18:10:05","slug":"pasajero-pierda-la-vida-al-interior-del-au","status":"publish","type":"post","link":"https:\/\/encuentroinformativo.com.mx\/?p=40799","title":{"rendered":"Pasajero pierda la vida al interior del AU"},"content":{"rendered":"\n<p><strong>Juan Arcos <\/strong><\/p>\n\n\n\n<p>Xalapa, Ver.- Una persona muri\u00f3 al interior de un cami\u00f3n de pasajeros sobre el bulevar Xalapa-Banderilla, a la altura de la colonia 21 de Marzo, con direcci\u00f3n a la capital veracruzana.<\/p>\n\n\n\n<p>Los hechos ocurrieron durante la ma\u00f1ana de este jueves 18 de mayo dentro de un cami\u00f3n de la l\u00ednea Autobuses Unidos (AU), con n\u00famero econ\u00f3mico 4130 y ruta Perote-Xalapa.<\/p>\n\n\n\n<p>De acuerdo con los primeros reportes, la persona comenz\u00f3 a sentirse mal de salud y los pasajeros pidieron ayuda al conductor de la unidad.<\/p>\n\n\n\n<p>El chofer se detuvo a la altura de un puente peatonal, frente a las instalaciones de Petr\u00f3leos Mexicanos (Pemex) y llam\u00f3 a los cuerpos de emergencia para que la persona recibiera la atenci\u00f3n m\u00e9dica correspondiente.<\/p>\n\n\n\n<p>Minutos despu\u00e9s arribaron param\u00e9dicos, quienes confirmaron que ya no contaba con signos vitales. Se habla de que la causa del deceso pudo haber sido un paro cardiaco, situaci\u00f3n que no ha sido confirmada de manera oficial.<\/p>\n\n\n\n<p>Polic\u00edas municipales acordonaron la zona en espera del personal de la Fiscal\u00eda General del Estado (FGE) para las diligencias correspondientes.<\/p>\n\n\n\n<p>Posteriormente, el cuerpo ser\u00eda trasladado al Servicio M\u00e9dico Forense (Semefo) de la ciudad de Xalapa para continuar con los tr\u00e1mites pertinentes.<\/p>\n\n\n\n<figure class=\"wp-block-image size-large\"><img loading=\"lazy\" decoding=\"async\" width=\"1024\" height=\"768\" src=\"https:\/\/encuentroinformativo.com.mx\/wp-content\/uploads\/2023\/05\/IMG_3243-1024x768.jpg\" alt=\"\" class=\"wp-image-40801\" srcset=\"https:\/\/encuentroinformativo.com.mx\/wp-content\/uploads\/2023\/05\/IMG_3243-1024x768.jpg 1024w, https:\/\/encuentroinformativo.com.mx\/wp-content\/uploads\/2023\/05\/IMG_3243-300x225.jpg 300w, https:\/\/encuentroinformativo.com.mx\/wp-content\/uploads\/2023\/05\/IMG_3243-768x576.jpg 768w, https:\/\/encuentroinformativo.com.mx\/wp-content\/uploads\/2023\/05\/IMG_3243.jpg 1200w\" sizes=\"auto, (max-width: 1024px) 100vw, 1024px\" \/><\/figure>\n","protected":false},"excerpt":{"rendered":"<p>Juan Arcos Xalapa, Ver.- Una persona muri\u00f3 al interior de un cami\u00f3n de pasajeros sobre el bulevar Xalapa-Banderilla, a la altura de la colonia 21 de Marzo, con direcci\u00f3n a la capital veracruzana. Los hechos ocurrieron durante la ma\u00f1ana de este jueves 18 de mayo dentro de un cami\u00f3n de la l\u00ednea Autobuses Unidos (AU), [&hellip;]<\/p>\n","protected":false},"author":2476,"featured_media":40800,"comment_status":"open","ping_status":"open","sticky":false,"template":"","format":"standard","meta":{"_jetpack_memberships_contains_paid_content":false,"footnotes":""},"categories":[14],"tags":[],"class_list":["post-40799","post","type-post","status-publish","format-standard","has-post-thumbnail","hentry","category-policiaca"],"jetpack_featured_media_url":"https:\/\/encuentroinformativo.com.mx\/wp-content\/uploads\/2023\/05\/IMG_3249.jpg","jetpack_sharing_enabled":true,"jetpack_likes_enabled":true,"amp_enabled":true,"_links":{"self":[{"href":"https:\/\/encuentroinformativo.com.mx\/index.php?rest_route=\/wp\/v2\/posts\/40799","targetHints":{"allow":["GET"]}}],"collection":[{"href":"https:\/\/encuentroinformativo.com.mx\/index.php?rest_route=\/wp\/v2\/posts"}],"about":[{"href":"https:\/\/encuentroinformativo.com.mx\/index.php?rest_route=\/wp\/v2\/types\/post"}],"author":[{"embeddable":true,"href":"https:\/\/encuentroinformativo.com.mx\/index.php?rest_route=\/wp\/v2\/users\/2476"}],"replies":[{"embeddable":true,"href":"https:\/\/encuentroinformativo.com.mx\/index.php?rest_route=%2Fwp%2Fv2%2Fcomments&post=40799"}],"version-history":[{"count":1,"href":"https:\/\/encuentroinformativo.com.mx\/index.php?rest_route=\/wp\/v2\/posts\/40799\/revisions"}],"predecessor-version":[{"id":40802,"href":"https:\/\/encuentroinformativo.com.mx\/index.php?rest_route=\/wp\/v2\/posts\/40799\/revisions\/40802"}],"wp:featuredmedia":[{"embeddable":true,"href":"https:\/\/encuentroinformativo.com.mx\/index.php?rest_route=\/wp\/v2\/media\/40800"}],"wp:attachment":[{"href":"https:\/\/encuentroinformativo.com.mx\/index.php?rest_route=%2Fwp%2Fv2%2Fmedia&parent=40799"}],"wp:term":[{"taxonomy":"category","embeddable":true,"href":"https:\/\/encuentroinformativo.com.mx\/index.php?rest_route=%2Fwp%2Fv2%2Fcategories&post=40799"},{"taxonomy":"post_tag","embeddable":true,"href":"https:\/\/encuentroinformativo.com.mx\/index.php?rest_route=%2Fwp%2Fv2%2Ftags&post=40799"}],"curies":[{"name":"wp","href":"https:\/\/api.w.org\/{rel}","templated":true}]}}