{"id":408,"date":"2020-03-04T21:33:18","date_gmt":"2020-03-04T21:33:18","guid":{"rendered":"https:\/\/encuentroinformativo.com\/?p=408"},"modified":"2020-03-04T21:33:18","modified_gmt":"2020-03-04T21:33:18","slug":"padres-realizan-bloqueos-demandan-respuestas-de-la-sev","status":"publish","type":"post","link":"https:\/\/encuentroinformativo.com.mx\/?p=408","title":{"rendered":"Padres realizan bloqueos, demandan respuestas de la SEV"},"content":{"rendered":"\n<p><strong>Juan Arcos <\/strong><\/p>\n\n\n\n<p>Xalapa, Ver.- Madres y padres de familia exigieron la destituci\u00f3n del director de la Escuela Secundaria T\u00e9cnica Industrial n\u00famero 128, Gerardo D\u00e1valos Aguirre.<\/p>\n\n\n\n<p>La ma\u00f1ana de este mi\u00e9rcoles, tomaron el plantel, ubicado sobre la calle Tepic de la colonia Inmecaf\u00e9, para exigir a la Secretar\u00eda de Educaci\u00f3n de Veracruz (SEV) la asignaci\u00f3n de 17 maestros y un m\u00e9dico escolar.<\/p>\n\n\n\n<p>Al no obtener una respuesta favorable, a las 13:30 horas bloquearon la carretera federal Xalapa-Veracruz, a la altura del parque Do\u00f1a Falla.<\/p>\n\n\n\n<p>Lorena Molina Mart\u00ednez, madre de un estudiante, acus\u00f3 al Director de la escuela de bloquear a los docentes, a trav\u00e9s de la secci\u00f3n 32 del Sindicato Nacional de Trabajadores de la Educaci\u00f3n (SNTE).<\/p>\n\n\n\n<p>\u201cQue se vaya el director D\u00e1valos, porque es quien est\u00e1 bloqueando a los maestros por medio del SNTE\u201d.<\/p>\n\n\n\n<p>El pasado 20 de enero, la SEV liber\u00f3 cinco plazas para que se cubrieran algunos de los espacios en la secundaria; sin embargo, ning\u00fan profesor se present\u00f3 a trabajar.<\/p>\n\n\n\n<p>Adem\u00e1s, autoridades educativas se comprometieron a asignar los 17 maestros en el plantel, a m\u00e1s tardar el 27 de febrero. <\/p>\n\n\n\n<p><strong>Pero no cumplieron.<\/strong><br>Los quejosos cerraron de manera intermitente la v\u00eda de comunicaci\u00f3n mencionada hasta las 14:20 horas.\u00a0<br>Sin embargo, amagaron con bloquear la vialidad a las 17:00 horas, en caso de que la SEV no atendiera sus demandas.<\/p>\n\n\n\n<p><\/p>\n","protected":false},"excerpt":{"rendered":"<p>Juan Arcos Xalapa, Ver.- Madres y padres de familia exigieron la destituci\u00f3n del director de la Escuela Secundaria T\u00e9cnica Industrial n\u00famero 128, Gerardo D\u00e1valos Aguirre. La ma\u00f1ana de este mi\u00e9rcoles, tomaron el plantel, ubicado sobre la calle Tepic de la colonia Inmecaf\u00e9, para exigir a la Secretar\u00eda de Educaci\u00f3n de Veracruz (SEV) la asignaci\u00f3n de [&hellip;]<\/p>\n","protected":false},"author":1,"featured_media":409,"comment_status":"open","ping_status":"open","sticky":false,"template":"","format":"standard","meta":{"_jetpack_memberships_contains_paid_content":false,"footnotes":""},"categories":[3],"tags":[],"class_list":["post-408","post","type-post","status-publish","format-standard","has-post-thumbnail","hentry","category-xalapa"],"jetpack_featured_media_url":"https:\/\/encuentroinformativo.com.mx\/wp-content\/uploads\/2020\/03\/ADEE53C6-0A97-47EC-9713-AE7332617260.jpeg","jetpack_sharing_enabled":true,"jetpack_likes_enabled":true,"amp_enabled":true,"_links":{"self":[{"href":"https:\/\/encuentroinformativo.com.mx\/index.php?rest_route=\/wp\/v2\/posts\/408","targetHints":{"allow":["GET"]}}],"collection":[{"href":"https:\/\/encuentroinformativo.com.mx\/index.php?rest_route=\/wp\/v2\/posts"}],"about":[{"href":"https:\/\/encuentroinformativo.com.mx\/index.php?rest_route=\/wp\/v2\/types\/post"}],"author":[{"embeddable":true,"href":"https:\/\/encuentroinformativo.com.mx\/index.php?rest_route=\/wp\/v2\/users\/1"}],"replies":[{"embeddable":true,"href":"https:\/\/encuentroinformativo.com.mx\/index.php?rest_route=%2Fwp%2Fv2%2Fcomments&post=408"}],"version-history":[{"count":1,"href":"https:\/\/encuentroinformativo.com.mx\/index.php?rest_route=\/wp\/v2\/posts\/408\/revisions"}],"predecessor-version":[{"id":410,"href":"https:\/\/encuentroinformativo.com.mx\/index.php?rest_route=\/wp\/v2\/posts\/408\/revisions\/410"}],"wp:featuredmedia":[{"embeddable":true,"href":"https:\/\/encuentroinformativo.com.mx\/index.php?rest_route=\/wp\/v2\/media\/409"}],"wp:attachment":[{"href":"https:\/\/encuentroinformativo.com.mx\/index.php?rest_route=%2Fwp%2Fv2%2Fmedia&parent=408"}],"wp:term":[{"taxonomy":"category","embeddable":true,"href":"https:\/\/encuentroinformativo.com.mx\/index.php?rest_route=%2Fwp%2Fv2%2Fcategories&post=408"},{"taxonomy":"post_tag","embeddable":true,"href":"https:\/\/encuentroinformativo.com.mx\/index.php?rest_route=%2Fwp%2Fv2%2Ftags&post=408"}],"curies":[{"name":"wp","href":"https:\/\/api.w.org\/{rel}","templated":true}]}}