{"id":40803,"date":"2023-05-18T12:15:22","date_gmt":"2023-05-18T18:15:22","guid":{"rendered":"https:\/\/encuentroinformativo.com.mx\/?p=40803"},"modified":"2023-05-18T12:15:41","modified_gmt":"2023-05-18T18:15:41","slug":"anuncian-convocatoria-para-cabildo-juvenil","status":"publish","type":"post","link":"https:\/\/encuentroinformativo.com.mx\/?p=40803","title":{"rendered":"Anuncian convocatoria para Cabildo Juvenil"},"content":{"rendered":"\n<p><strong>Dar\u00edo Pale <\/strong><\/p>\n\n\n\n<p>Xalapa, Ver.- Dan a conocer las convocatorias para el Premio Municipal de la Juventud y Cabildo de Xalapa, la documentaci\u00f3n se recibir\u00e1 hasta el 5 de junio, as\u00ed lo dieron a conocer los regidores del Ayuntamiento de Xalapa, Helen Sarmiento Ja\u00e9n, Carlos Rugerio Mart\u00ednez, as\u00ed como la directora de Juventud Gelsey Yareni Varela Castillo.<\/p>\n\n\n\n<p>En conferencia de prensa dieron a conocer las convocatorias para la integraci\u00f3n del Noveno Cabildo Juvenil y para la entrega del Premio Municipal de la Juventud, al respecto, el regidor octavo destac\u00f3 que son de las actividades m\u00e1s importantes y m\u00e1s conocidas la Comisi\u00f3n Edilicia de Impulso a la Juventud que preside.<\/p>\n\n\n\n<p>&#8220;Son espacios de participaci\u00f3n juvenil donde los j\u00f3venes toman decisiones, donde son escuchados, donde caminan de la mano del Ayuntamiento de Xalapa&#8221;, se\u00f1al\u00f3.<\/p>\n\n\n\n<p>En ese contexto, record\u00f3 que el a\u00f1o pasado se cre\u00f3 el reglamento integral de la Juventud donde se plasm\u00f3 el Cabildo Juvenil y el Premio Municipal de la Juventud sean permanentes.\u00a0<\/p>\n\n\n\n<p>Por su parte, Juan Rojano, jefe de Departamento de la Direcci\u00f3n de Juventud, indic\u00f3 que las dos convocatorias que se lanzar\u00e1n ser\u00e1n para fomentar la participaci\u00f3n de los j\u00f3venes y que se involucren en el quehacer y las acciones del Ayuntamiento.\u00a0<\/p>\n\n\n\n<p>&#8220;El Premio Municipal de la Juventud es el m\u00e1ximo galard\u00f3n que reconoce a un o a una joven, o a un grupo de j\u00f3venes destacados por su trayectoria&#8221;, coment\u00f3.<\/p>\n\n\n\n<p>La directora de Juventud, Gelsey Yareni Varela Castillo detall\u00f3 que el Premio Municipal de la Juventud es un est\u00edmulo que se da a los j\u00f3venes por su trayectoria en temas como desarrollo econ\u00f3mico, el cuidado del medio ambiente, etc\u00e9tera.\u00a0<\/p>\n\n\n\n<p>Son cinco categor\u00edas: Logro Acad\u00e9mico, Cient\u00edfico y Tecnol\u00f3gico; Medio Ambiente; Derechos Humanos, Discapacidad e Inclusi\u00f3n Social; Econ\u00f3mico y Deporte.\u00a0<\/p>\n\n\n\n<p>Finalmente se\u00f1alaron que los j\u00f3venes deben ser xalape\u00f1os, acreditar su residencia, as\u00ed como tener entre 18 y 29 a\u00f1os cumplidos hasta la emisi\u00f3n de la convocatoria, haber destacado en alguna de las categor\u00edas y no podr\u00e1n participar quienes ya recibieron el Premio con anterioridad y la documentaci\u00f3n se recibir\u00e1 hasta el 5 de junio.<\/p>\n","protected":false},"excerpt":{"rendered":"<p>Dar\u00edo Pale Xalapa, Ver.- Dan a conocer las convocatorias para el Premio Municipal de la Juventud y Cabildo de Xalapa, la documentaci\u00f3n se recibir\u00e1 hasta el 5 de junio, as\u00ed lo dieron a conocer los regidores del Ayuntamiento de Xalapa, Helen Sarmiento Ja\u00e9n, Carlos Rugerio Mart\u00ednez, as\u00ed como la directora de Juventud Gelsey Yareni Varela [&hellip;]<\/p>\n","protected":false},"author":2476,"featured_media":40804,"comment_status":"open","ping_status":"open","sticky":false,"template":"","format":"standard","meta":{"_jetpack_memberships_contains_paid_content":false,"footnotes":""},"categories":[3],"tags":[],"class_list":["post-40803","post","type-post","status-publish","format-standard","has-post-thumbnail","hentry","category-xalapa"],"jetpack_featured_media_url":"https:\/\/encuentroinformativo.com.mx\/wp-content\/uploads\/2023\/05\/IMG-20230518-WA0017.jpg","jetpack_sharing_enabled":true,"jetpack_likes_enabled":true,"amp_enabled":true,"_links":{"self":[{"href":"https:\/\/encuentroinformativo.com.mx\/index.php?rest_route=\/wp\/v2\/posts\/40803","targetHints":{"allow":["GET"]}}],"collection":[{"href":"https:\/\/encuentroinformativo.com.mx\/index.php?rest_route=\/wp\/v2\/posts"}],"about":[{"href":"https:\/\/encuentroinformativo.com.mx\/index.php?rest_route=\/wp\/v2\/types\/post"}],"author":[{"embeddable":true,"href":"https:\/\/encuentroinformativo.com.mx\/index.php?rest_route=\/wp\/v2\/users\/2476"}],"replies":[{"embeddable":true,"href":"https:\/\/encuentroinformativo.com.mx\/index.php?rest_route=%2Fwp%2Fv2%2Fcomments&post=40803"}],"version-history":[{"count":1,"href":"https:\/\/encuentroinformativo.com.mx\/index.php?rest_route=\/wp\/v2\/posts\/40803\/revisions"}],"predecessor-version":[{"id":40805,"href":"https:\/\/encuentroinformativo.com.mx\/index.php?rest_route=\/wp\/v2\/posts\/40803\/revisions\/40805"}],"wp:featuredmedia":[{"embeddable":true,"href":"https:\/\/encuentroinformativo.com.mx\/index.php?rest_route=\/wp\/v2\/media\/40804"}],"wp:attachment":[{"href":"https:\/\/encuentroinformativo.com.mx\/index.php?rest_route=%2Fwp%2Fv2%2Fmedia&parent=40803"}],"wp:term":[{"taxonomy":"category","embeddable":true,"href":"https:\/\/encuentroinformativo.com.mx\/index.php?rest_route=%2Fwp%2Fv2%2Fcategories&post=40803"},{"taxonomy":"post_tag","embeddable":true,"href":"https:\/\/encuentroinformativo.com.mx\/index.php?rest_route=%2Fwp%2Fv2%2Ftags&post=40803"}],"curies":[{"name":"wp","href":"https:\/\/api.w.org\/{rel}","templated":true}]}}