{"id":40817,"date":"2023-05-18T13:46:21","date_gmt":"2023-05-18T19:46:21","guid":{"rendered":"https:\/\/encuentroinformativo.com.mx\/?p=40817"},"modified":"2023-05-18T13:46:26","modified_gmt":"2023-05-18T19:46:26","slug":"promueven-funcionarios-municipales-acciones-para-disminuir-desercion-escolar","status":"publish","type":"post","link":"https:\/\/encuentroinformativo.com.mx\/?p=40817","title":{"rendered":"Promueven funcionarios municipales acciones para disminuir deserci\u00f3n escolar"},"content":{"rendered":"\n<p><strong>Dar\u00edo Pale <\/strong><\/p>\n\n\n\n<p>Xalapa, Ver.- Ante deserci\u00f3n escolar en xalape\u00f1os, el Ayuntamiento implement\u00f3 algunas acciones, tambi\u00e9n se les vincula con universidades por medio de una plataforma digital, as\u00ed l o dio a conocer el regidor octavo Carlos Rugerio Mart\u00ednez.<\/p>\n\n\n\n<p>En conferencia de prensa coment\u00f3 que a la llegada de la nueva administraci\u00f3n municipal de Xalapa hab\u00eda mucha deserci\u00f3n escolar, por lo que se implementaron acciones y campa\u00f1as.<\/p>\n\n\n\n<p>&#8220;Recordemos que venimos de una etapa de pandemia, donde la depresi\u00f3n y la ansiedad fueron de los principales detonadores para que los j\u00f3venes no continuaran sus estudios&#8221;, se\u00f1al\u00f3.<\/p>\n\n\n\n<p>Por ello, el regidor indic\u00f3 que desde el Ayuntamiento est\u00e1n haciendo un esfuerzo muy grande para apoyar a las juventudes en materia de salud mental.\u00a0<\/p>\n\n\n\n<p>&#8220;Desde el Ayuntamiento, en el Cabildo se han aprobado diferentes convenios, con varias instituciones educativas privadas para apoyar no solo a los j\u00f3venes, sino a todos los que quieran continuar con sus estudios&#8221;, coment\u00f3.<\/p>\n\n\n\n<p>Al respecto, la directora de Juventud, Gelsey Yareni Varela Castillo acot\u00f3 que es un programa transversal, el cual ayuda a los j\u00f3venes mediante una plataforma de Gobierno del estado y vincularlos a las diferentes universidades para que conozcan la oferta acad\u00e9mica en el municipio y en toda la regi\u00f3n.<\/p>\n\n\n\n<p>&#8220;Nosotros los ayudamos a vincularlo e inclusive, en esa plataforma hay becas en las cuales, universidades privadas las brindan a los j\u00f3venes que se registren a trav\u00e9s de dicha plataforma&#8221;, inform\u00f3.<\/p>\n\n\n\n<p>Juan \u00c1ngel Rojano Arcos, jefe de Departamento de la Direcci\u00f3n de Juventud, indic\u00f3 que tambi\u00e9n hay un programa que se llama Trabajo y Empleo para J\u00f3venes, el cual se lleva a cabo con la Secretar\u00eda del Trabajo, a trav\u00e9s del Servicio Nacional de Empleo y la empresa Nestl\u00e9.<\/p>\n\n\n\n<p>Finalmente se\u00f1al\u00f3 que el objetivo  &#8220;es enfocarlos en el tema laboral, armar un curr\u00edculo vitae, la primera entrevista, prepararlos para el \u00e1mbito laboral y se lleva a cabo el programa Aprende a Emprender, que es preparar a nuestros j\u00f3venes para emprender un negocio&#8221;.<\/p>\n","protected":false},"excerpt":{"rendered":"<p>Dar\u00edo Pale Xalapa, Ver.- Ante deserci\u00f3n escolar en xalape\u00f1os, el Ayuntamiento implement\u00f3 algunas acciones, tambi\u00e9n se les vincula con universidades por medio de una plataforma digital, as\u00ed l o dio a conocer el regidor octavo Carlos Rugerio Mart\u00ednez. En conferencia de prensa coment\u00f3 que a la llegada de la nueva administraci\u00f3n municipal de Xalapa hab\u00eda [&hellip;]<\/p>\n","protected":false},"author":2476,"featured_media":40719,"comment_status":"open","ping_status":"open","sticky":false,"template":"","format":"standard","meta":{"_jetpack_memberships_contains_paid_content":false,"footnotes":""},"categories":[3],"tags":[],"class_list":["post-40817","post","type-post","status-publish","format-standard","has-post-thumbnail","hentry","category-xalapa"],"jetpack_featured_media_url":"https:\/\/encuentroinformativo.com.mx\/wp-content\/uploads\/2023\/05\/Photo_1684273973457.jpg","jetpack_sharing_enabled":true,"jetpack_likes_enabled":true,"amp_enabled":true,"_links":{"self":[{"href":"https:\/\/encuentroinformativo.com.mx\/index.php?rest_route=\/wp\/v2\/posts\/40817","targetHints":{"allow":["GET"]}}],"collection":[{"href":"https:\/\/encuentroinformativo.com.mx\/index.php?rest_route=\/wp\/v2\/posts"}],"about":[{"href":"https:\/\/encuentroinformativo.com.mx\/index.php?rest_route=\/wp\/v2\/types\/post"}],"author":[{"embeddable":true,"href":"https:\/\/encuentroinformativo.com.mx\/index.php?rest_route=\/wp\/v2\/users\/2476"}],"replies":[{"embeddable":true,"href":"https:\/\/encuentroinformativo.com.mx\/index.php?rest_route=%2Fwp%2Fv2%2Fcomments&post=40817"}],"version-history":[{"count":1,"href":"https:\/\/encuentroinformativo.com.mx\/index.php?rest_route=\/wp\/v2\/posts\/40817\/revisions"}],"predecessor-version":[{"id":40818,"href":"https:\/\/encuentroinformativo.com.mx\/index.php?rest_route=\/wp\/v2\/posts\/40817\/revisions\/40818"}],"wp:featuredmedia":[{"embeddable":true,"href":"https:\/\/encuentroinformativo.com.mx\/index.php?rest_route=\/wp\/v2\/media\/40719"}],"wp:attachment":[{"href":"https:\/\/encuentroinformativo.com.mx\/index.php?rest_route=%2Fwp%2Fv2%2Fmedia&parent=40817"}],"wp:term":[{"taxonomy":"category","embeddable":true,"href":"https:\/\/encuentroinformativo.com.mx\/index.php?rest_route=%2Fwp%2Fv2%2Fcategories&post=40817"},{"taxonomy":"post_tag","embeddable":true,"href":"https:\/\/encuentroinformativo.com.mx\/index.php?rest_route=%2Fwp%2Fv2%2Ftags&post=40817"}],"curies":[{"name":"wp","href":"https:\/\/api.w.org\/{rel}","templated":true}]}}