{"id":40829,"date":"2023-05-18T14:50:24","date_gmt":"2023-05-18T20:50:24","guid":{"rendered":"https:\/\/encuentroinformativo.com.mx\/?p=40829"},"modified":"2023-05-18T14:50:30","modified_gmt":"2023-05-18T20:50:30","slug":"sin-apoyo-de-federacion-se-incrementa-productividad-ganadera-severo-garcia","status":"publish","type":"post","link":"https:\/\/encuentroinformativo.com.mx\/?p=40829","title":{"rendered":"Sin apoyo de federaci\u00f3n, se incrementa productividad ganadera: Severo Garc\u00eda"},"content":{"rendered":"\n<p><strong>Alejandro \u00c1vila<\/strong><\/p>\n\n\n\n<p>Boca del R\u00edo, Ver.- El presidente del Comit\u00e9 Organizador de la Feria Ganadera Ylang Ylang, Severo Garc\u00eda Barroso, destac\u00f3 que pese al abandono de las dependencias federales de gobierno, en Veracruz ha tenido un incremento en la productividad ganadera.<\/p>\n\n\n\n<p>Este jueves 18 de mayo se inaugur\u00f3 la 55 edici\u00f3n de la Expo Feria Ganadera Ylang Ylang&nbsp; en el municipio de Boca del R\u00edo; misma que hab\u00eda sido suspendida desde hace 3 a\u00f1os por la contingencia sanitaria.<\/p>\n\n\n\n<p>&#8220;Hoy daremos muestra del gran trabajo que d\u00eda a d\u00eda venimos desarrollando los ganaderos, para mejorar la calidad, la salud, pero sobre todo la gen\u00e9tica de nuestros atos. Hoy todos ustedes podr\u00e1n apreciar que a pesar de no estar considerados en programas de apoyo para elevar a la productividad, esta se ha incrementado sustancialmente en Veracruz, que a pesar de los obst\u00e1culos que hemos ido sorteando, seguimos siendo leales a nuestros principios legales, ya que en todo tr\u00e1mite cumplimos con nuestro marco jur\u00eddico, conscientes de que esa sea la \u00fanica medida que nos permite progresar y buscar nuevas alternativas para comercializar nuestros productos en el mercado nacional&#8221;, asest\u00f3.<\/p>\n\n\n\n<p>Severo Garc\u00eda dijo que la ganader\u00eda de Veracruz es un completo orgullo y basti\u00f3n de la cadena alimentaria, la cual, adem\u00e1s, genera grandes v\u00ednculos familiares, pues esta labor se ha convertido en una forma de vida para diversas generaciones.<\/p>\n\n\n\n<p>&#8220;La ganader\u00eda solo requiere de verdaderas y honestas alianzas con quienes tienen la enorme responsabilidad de dirigir este pa\u00eds, y que muy lamentablemente nos han evitado a pesar de encontrarnos inscritos legalmente como un sector productivo en sus \u00e1mbitos de responsabilidades. Hoy seguimos esperando los nuevos tiempos en los que la autoridad competente voltee a ver a los ganaderos, y fomente con apoyos congruentes nuevos esquemas de productividad, de mejoramiento gen\u00e9tico, de reproducci\u00f3n, de salud y alimentaci\u00f3n animal. En esos temas y a pesar de la pandemia y las indiferencias oficialistas hemos ido avanzando, no con la celeridad que un mundo tan competitivo y cambiante como el actual nos reclama, pero s\u00ed en la medida de la uni\u00f3n de esfuerzos de los ganaderos&#8221;, remarc\u00f3.<\/p>\n\n\n\n<p>La Expo Feria Ganadera Ylang Ylang se llevar\u00e1 a cabo del 19 de mayo al 4 de junio, y se espera una visita de aproximadamente 200 mil personas por d\u00eda; en dicho recinto podr\u00e1n encontrar venta de ganado, juegos mec\u00e1nicos, gastronom\u00eda de diversos municipios del estado de Veracruz y, presentaciones art\u00edsticas en el Teatro del Pueblo como: La Arrolladora Banda Lim\u00f3n, Rayito Colombiano, Bellakath, Los \u00c1ngeles de Charly, Mario Polo y Nelson Kanzela, Junior Klan, entre otros.<\/p>\n","protected":false},"excerpt":{"rendered":"<p>Alejandro \u00c1vila Boca del R\u00edo, Ver.- El presidente del Comit\u00e9 Organizador de la Feria Ganadera Ylang Ylang, Severo Garc\u00eda Barroso, destac\u00f3 que pese al abandono de las dependencias federales de gobierno, en Veracruz ha tenido un incremento en la productividad ganadera. Este jueves 18 de mayo se inaugur\u00f3 la 55 edici\u00f3n de la Expo Feria [&hellip;]<\/p>\n","protected":false},"author":2476,"featured_media":40830,"comment_status":"open","ping_status":"open","sticky":false,"template":"","format":"standard","meta":{"_jetpack_memberships_contains_paid_content":false,"footnotes":""},"categories":[2],"tags":[],"class_list":["post-40829","post","type-post","status-publish","format-standard","has-post-thumbnail","hentry","category-estado"],"jetpack_featured_media_url":"https:\/\/encuentroinformativo.com.mx\/wp-content\/uploads\/2023\/05\/IMG-20230518-WA0050.jpg","jetpack_sharing_enabled":true,"jetpack_likes_enabled":true,"amp_enabled":true,"_links":{"self":[{"href":"https:\/\/encuentroinformativo.com.mx\/index.php?rest_route=\/wp\/v2\/posts\/40829","targetHints":{"allow":["GET"]}}],"collection":[{"href":"https:\/\/encuentroinformativo.com.mx\/index.php?rest_route=\/wp\/v2\/posts"}],"about":[{"href":"https:\/\/encuentroinformativo.com.mx\/index.php?rest_route=\/wp\/v2\/types\/post"}],"author":[{"embeddable":true,"href":"https:\/\/encuentroinformativo.com.mx\/index.php?rest_route=\/wp\/v2\/users\/2476"}],"replies":[{"embeddable":true,"href":"https:\/\/encuentroinformativo.com.mx\/index.php?rest_route=%2Fwp%2Fv2%2Fcomments&post=40829"}],"version-history":[{"count":1,"href":"https:\/\/encuentroinformativo.com.mx\/index.php?rest_route=\/wp\/v2\/posts\/40829\/revisions"}],"predecessor-version":[{"id":40831,"href":"https:\/\/encuentroinformativo.com.mx\/index.php?rest_route=\/wp\/v2\/posts\/40829\/revisions\/40831"}],"wp:featuredmedia":[{"embeddable":true,"href":"https:\/\/encuentroinformativo.com.mx\/index.php?rest_route=\/wp\/v2\/media\/40830"}],"wp:attachment":[{"href":"https:\/\/encuentroinformativo.com.mx\/index.php?rest_route=%2Fwp%2Fv2%2Fmedia&parent=40829"}],"wp:term":[{"taxonomy":"category","embeddable":true,"href":"https:\/\/encuentroinformativo.com.mx\/index.php?rest_route=%2Fwp%2Fv2%2Fcategories&post=40829"},{"taxonomy":"post_tag","embeddable":true,"href":"https:\/\/encuentroinformativo.com.mx\/index.php?rest_route=%2Fwp%2Fv2%2Ftags&post=40829"}],"curies":[{"name":"wp","href":"https:\/\/api.w.org\/{rel}","templated":true}]}}