{"id":40832,"date":"2023-05-18T15:10:30","date_gmt":"2023-05-18T21:10:30","guid":{"rendered":"https:\/\/encuentroinformativo.com.mx\/?p=40832"},"modified":"2023-05-18T15:10:35","modified_gmt":"2023-05-18T21:10:35","slug":"no-vivo-de-un-partido-politico-ahued","status":"publish","type":"post","link":"https:\/\/encuentroinformativo.com.mx\/?p=40832","title":{"rendered":"No vivo de un partido pol\u00edtico: Ahued"},"content":{"rendered":"\n<p><strong>Dar\u00edo Pale <\/strong><\/p>\n\n\n\n<p>Xalapa, Ver.- Yo no vivo de un partido pol\u00edtico, responde Ahued a coordinador del PT, Vicente Aguilar, el alcalde de Xalapa dice que si Vicente Aguilar tiene algo que decirle, que se lo diga en su cara.<\/p>\n\n\n\n<p>En conferencia de prensa despu\u00e9s de los continuos ataques de Vicente Aguilar Aguilar, coordinador de la Comisi\u00f3n Ejecutiva Estatal del Partido del Trabajo contra el alcalde de Xalapa, Ricardo Ahued Bardahuil se\u00f1al\u00f3 que \u00e9l no vive de las prerrogativas de un partido pol\u00edtico.<\/p>\n\n\n\n<p>\u201cYo quisiera que nos dijeran si yo vivo de prerrogativas de un partido, si el partido me da para vivir; es m\u00e1s, mi sueldo lo entrego, lo gasto y todav\u00eda llevo gastado como alcalde, me est\u00e1 costando ser alcalde; me gusta ayudar a la gente, esa es mi pasi\u00f3n\u201d, se\u00f1al\u00f3.<\/p>\n\n\n\n<p>Por ello, el edil capitalino plante\u00f3 que a ambos les hagan una auditor\u00eda de vida, \u201cque le hagan una auditor\u00eda de vida y otra a m\u00ed, y eso que tengo negocios y he sido funcionario; tengo 15 a\u00f1os presentando mi estado patrimonial ante la autoridad federal, estatal y local\u201d.<\/p>\n\n\n\n<p>Adem\u00e1s, pidi\u00f3 que si Vicente Aguilar tiene algo que decirle, que se lo diga en su cara y no a trav\u00e9s de conferencias.<\/p>\n\n\n\n<p>\u201cEl del PT es mi amigo, pero yo no s\u00e9 si est\u00e1 m\u00e1s loco \u00e9l o yo, lo \u00fanico que hace como l\u00edder del partido es irse a sentar a La <em>Parroquia<\/em> y decir puras cuestiones qu\u00e9 no le entiendo y lo aprecio mucho. Pero vaya, si va a salir del partido para ir a decir cada ocho d\u00edas, \u00b4aqu\u00ed estoy\u00b4 para hablar mal de m\u00ed, pues que me lo diga en mi cara\u201d, coment\u00f3.<\/p>\n\n\n\n<p>Ricardo Ahued coment\u00f3 que no se presta a tonter\u00edas y que no todos son iguales, \u201cya una vez le di audiencia, pero yo no me presto a tonter\u00edas, aqu\u00ed v\u00e1monos entendi\u00e9ndonos todos, como dice el presidente, no todos somos iguales\u201d.<\/p>\n\n\n\n<p>El alcalde de Xalapa acot\u00f3 que Vicente Aguilar critica pero carece de informaci\u00f3n, \u201cyo lo trato con respeto, pero lo \u00fanico que tiene es ir a tirar basura all\u00e1, de cosas que ni sabe lo que dice; ah\u00ed est\u00e1 tir\u00e1ndome, yo no s\u00e9 si es aliado de la cuarta T o quinta T, es muy su bronca\u201d.<\/p>\n\n\n\n<p>Finalmente dio a conocer que, \u201csolamente va a La Parroquia a tirar pa\u00b4ac\u00e1 y ni siquiera informaci\u00f3n tiene de lo que dice. El otro d\u00eda me dijo ratero, que deje de robar yo el agua, ah\u00ed s\u00ed calienta\u201d.<\/p>\n","protected":false},"excerpt":{"rendered":"<p>Dar\u00edo Pale Xalapa, Ver.- Yo no vivo de un partido pol\u00edtico, responde Ahued a coordinador del PT, Vicente Aguilar, el alcalde de Xalapa dice que si Vicente Aguilar tiene algo que decirle, que se lo diga en su cara. En conferencia de prensa despu\u00e9s de los continuos ataques de Vicente Aguilar Aguilar, coordinador de la [&hellip;]<\/p>\n","protected":false},"author":2476,"featured_media":40833,"comment_status":"open","ping_status":"open","sticky":false,"template":"","format":"standard","meta":{"_jetpack_memberships_contains_paid_content":false,"footnotes":""},"categories":[3],"tags":[],"class_list":["post-40832","post","type-post","status-publish","format-standard","has-post-thumbnail","hentry","category-xalapa"],"jetpack_featured_media_url":"https:\/\/encuentroinformativo.com.mx\/wp-content\/uploads\/2023\/05\/IMG-20230518-WA00343.jpg","jetpack_sharing_enabled":true,"jetpack_likes_enabled":true,"amp_enabled":true,"_links":{"self":[{"href":"https:\/\/encuentroinformativo.com.mx\/index.php?rest_route=\/wp\/v2\/posts\/40832","targetHints":{"allow":["GET"]}}],"collection":[{"href":"https:\/\/encuentroinformativo.com.mx\/index.php?rest_route=\/wp\/v2\/posts"}],"about":[{"href":"https:\/\/encuentroinformativo.com.mx\/index.php?rest_route=\/wp\/v2\/types\/post"}],"author":[{"embeddable":true,"href":"https:\/\/encuentroinformativo.com.mx\/index.php?rest_route=\/wp\/v2\/users\/2476"}],"replies":[{"embeddable":true,"href":"https:\/\/encuentroinformativo.com.mx\/index.php?rest_route=%2Fwp%2Fv2%2Fcomments&post=40832"}],"version-history":[{"count":1,"href":"https:\/\/encuentroinformativo.com.mx\/index.php?rest_route=\/wp\/v2\/posts\/40832\/revisions"}],"predecessor-version":[{"id":40834,"href":"https:\/\/encuentroinformativo.com.mx\/index.php?rest_route=\/wp\/v2\/posts\/40832\/revisions\/40834"}],"wp:featuredmedia":[{"embeddable":true,"href":"https:\/\/encuentroinformativo.com.mx\/index.php?rest_route=\/wp\/v2\/media\/40833"}],"wp:attachment":[{"href":"https:\/\/encuentroinformativo.com.mx\/index.php?rest_route=%2Fwp%2Fv2%2Fmedia&parent=40832"}],"wp:term":[{"taxonomy":"category","embeddable":true,"href":"https:\/\/encuentroinformativo.com.mx\/index.php?rest_route=%2Fwp%2Fv2%2Fcategories&post=40832"},{"taxonomy":"post_tag","embeddable":true,"href":"https:\/\/encuentroinformativo.com.mx\/index.php?rest_route=%2Fwp%2Fv2%2Ftags&post=40832"}],"curies":[{"name":"wp","href":"https:\/\/api.w.org\/{rel}","templated":true}]}}