{"id":40840,"date":"2023-05-18T21:11:44","date_gmt":"2023-05-19T03:11:44","guid":{"rendered":"https:\/\/encuentroinformativo.com.mx\/?p=40840"},"modified":"2023-05-18T21:11:48","modified_gmt":"2023-05-19T03:11:48","slug":"respalda-alcalde-jm-unanue-el-regreso-de-la-expo-ganadera-ylang-ylang-2023","status":"publish","type":"post","link":"https:\/\/encuentroinformativo.com.mx\/?p=40840","title":{"rendered":"Respalda Alcalde JM Un\u00e1nue el regreso de la Expo Ganadera Ylang Ylang 2023"},"content":{"rendered":"\n<p>Boca del R\u00edo, Ver.- Este jueves, el Alcalde de Boca del R\u00edo, Juan Manuel Un\u00e1nue Abascal, asisti\u00f3 como invitado de honor a la inauguraci\u00f3n de la edici\u00f3n 55 de la Expo Ganadera Ylang Ylang 2023 que se llevar\u00e1 a cabo del 19 de mayo al 4 de junio.<\/p>\n\n\n\n<p>Dijo que esta feria es una gran oportunidad no solo en materia de comercializaci\u00f3n, sino tambi\u00e9n de intercambio de estrategias y experiencias de sanidad, gen\u00e9tica y alimentaci\u00f3n animal.<\/p>\n\n\n\n<p>\u201c(La Expoferia) Representa para Boca del R\u00edo el regreso de una larga tradici\u00f3n para los miles de personas que viven en la zona metropolitana m\u00e1s grande del estado y esto no ser\u00eda posible sin el gran desempe\u00f1o y trabajo de los ganaderos, que hacen que Veracruz ocupe un lugar destacado en el pa\u00eds dentro de este sector\u201d, expres\u00f3 el Alcalde.<\/p>\n\n\n\n<p>Tras una pausa de dos a\u00f1os por la emergencia sanitaria del Covid-19, retorna con un programa art\u00edstico de primer nivel, logrando consolidarse como el evento de mayor relevancia anual por la gran cantidad de productores y especialistas que participan, pues para ser parte, se deben de superar los est\u00e1ndares de calidad gen\u00e9tica que se les impone como condicionante para este tipo de eventos.<\/p>\n\n\n\n<p>Ante ello, la Expo Ganadera Ylang Ylang se ha convertido en el principal escaparate de la zona sureste del pa\u00eds, donde convergen ganaderos de otras entidades con vocaci\u00f3n pecuaria como lo son Tamaulipas, Tabasco, Sonora Sinaloa, Chiapas, Jalisco y Nuevo Le\u00f3n.<\/p>\n\n\n\n<p>Un\u00e1nue Abascal enfatiz\u00f3 que el Ayuntamiento de Boca del R\u00edo y el Comit\u00e9 Organizador se coordinan para mantener un espacio abierto para todos los sectores, adem\u00e1s de garantizar \u00e1reas limpias y seguras a la medida y necesidades de cualquier evento como este, el cual promueve la llegada de muchas personas a la ciudad y una importante derrama econ\u00f3mica.<\/p>\n\n\n\n<p>Por su parte el Presidente de la Uni\u00f3n Ganadera Regional Zona Centro de Veracruz, Ren\u00e9 Loyo Garc\u00eda, dio la bienvenida y agradeci\u00f3 al Presidente Municipal, Juan Manuel Un\u00e1nue Abascal, por su incondicional y oportuno apoyo para la consolidaci\u00f3n del proyecto.<\/p>\n\n\n\n<p>\u201cGracias por creer en nosotros y por su inter\u00e9s de que esta festividad que es de Boca del R\u00edo no se pierda, mil gracias (\u2026) Agradeciendo tambi\u00e9n a los elementos de Protecci\u00f3n Civil Municipal, por la orientaci\u00f3n y trabajo apegado a las normas que hoy se reflejan en instalaciones seguras\u201d, dijo Loyo Garc\u00eda.<\/p>\n\n\n\n<p>Tambi\u00e9n estuvo presente Severo Tercero Garc\u00eda Barroso, Presidente del Comit\u00e9 Organizador de la 55 Expo Feria Regional Ganadera Ylang Ylang y Camila Hern\u00e1ndez Medina, Reina de la Expo Ganadera Ylang Ylang 2023, a quien previo al acto protocolario, el Presidente Municipal coron\u00f3 como soberana.<\/p>\n\n\n\n<p>Finalmente el Alcalde de Boca del R\u00edo invit\u00f3 a todos los habitantes, as\u00ed como de otras demarcaciones a que no pierdan oportunidad de disfrutar esta Expo Ganadera Ylang Ylang del 19 de mayo hasta el 4 de junio de 2023.<\/p>\n","protected":false},"excerpt":{"rendered":"<p>Boca del R\u00edo, Ver.- Este jueves, el Alcalde de Boca del R\u00edo, Juan Manuel Un\u00e1nue Abascal, asisti\u00f3 como invitado de honor a la inauguraci\u00f3n de la edici\u00f3n 55 de la Expo Ganadera Ylang Ylang 2023 que se llevar\u00e1 a cabo del 19 de mayo al 4 de junio. Dijo que esta feria es una gran [&hellip;]<\/p>\n","protected":false},"author":2476,"featured_media":40839,"comment_status":"open","ping_status":"open","sticky":false,"template":"","format":"standard","meta":{"_jetpack_memberships_contains_paid_content":false,"footnotes":""},"categories":[2],"tags":[],"class_list":["post-40840","post","type-post","status-publish","format-standard","has-post-thumbnail","hentry","category-estado"],"jetpack_featured_media_url":"https:\/\/encuentroinformativo.com.mx\/wp-content\/uploads\/2023\/05\/IMG-20230518-WA00942.jpg","jetpack_sharing_enabled":true,"jetpack_likes_enabled":true,"amp_enabled":true,"_links":{"self":[{"href":"https:\/\/encuentroinformativo.com.mx\/index.php?rest_route=\/wp\/v2\/posts\/40840","targetHints":{"allow":["GET"]}}],"collection":[{"href":"https:\/\/encuentroinformativo.com.mx\/index.php?rest_route=\/wp\/v2\/posts"}],"about":[{"href":"https:\/\/encuentroinformativo.com.mx\/index.php?rest_route=\/wp\/v2\/types\/post"}],"author":[{"embeddable":true,"href":"https:\/\/encuentroinformativo.com.mx\/index.php?rest_route=\/wp\/v2\/users\/2476"}],"replies":[{"embeddable":true,"href":"https:\/\/encuentroinformativo.com.mx\/index.php?rest_route=%2Fwp%2Fv2%2Fcomments&post=40840"}],"version-history":[{"count":1,"href":"https:\/\/encuentroinformativo.com.mx\/index.php?rest_route=\/wp\/v2\/posts\/40840\/revisions"}],"predecessor-version":[{"id":40841,"href":"https:\/\/encuentroinformativo.com.mx\/index.php?rest_route=\/wp\/v2\/posts\/40840\/revisions\/40841"}],"wp:featuredmedia":[{"embeddable":true,"href":"https:\/\/encuentroinformativo.com.mx\/index.php?rest_route=\/wp\/v2\/media\/40839"}],"wp:attachment":[{"href":"https:\/\/encuentroinformativo.com.mx\/index.php?rest_route=%2Fwp%2Fv2%2Fmedia&parent=40840"}],"wp:term":[{"taxonomy":"category","embeddable":true,"href":"https:\/\/encuentroinformativo.com.mx\/index.php?rest_route=%2Fwp%2Fv2%2Fcategories&post=40840"},{"taxonomy":"post_tag","embeddable":true,"href":"https:\/\/encuentroinformativo.com.mx\/index.php?rest_route=%2Fwp%2Fv2%2Ftags&post=40840"}],"curies":[{"name":"wp","href":"https:\/\/api.w.org\/{rel}","templated":true}]}}